{"id":5363,"date":"2022-01-20T15:02:23","date_gmt":"2022-01-20T14:02:23","guid":{"rendered":"https:\/\/urlaub-an-der-stiefelspitze.com\/2022\/01\/20\/handgemachte-reisen\/"},"modified":"2022-03-18T17:22:32","modified_gmt":"2022-03-18T16:22:32","slug":"handgemachte-reisen","status":"publish","type":"post","link":"https:\/\/urlaub-an-der-stiefelspitze.com\/en\/2022\/01\/20\/handgemachte-reisen\/","title":{"rendered":"Calabria &#8211; look twice &#8211; think different &#8211; travel new!"},"content":{"rendered":"<p><div class=\"fusion-fullwidth fullwidth-box fusion-builder-row-1 fusion-flex-container nonhundred-percent-fullwidth non-hundred-percent-height-scrolling\" style=\"--awb-border-radius-top-left:0px;--awb-border-radius-top-right:0px;--awb-border-radius-bottom-right:0px;--awb-border-radius-bottom-left:0px;--awb-padding-bottom:1%;--awb-padding-top-small:50px;--awb-flex-wrap:wrap;\" ><div class=\"fusion-builder-row fusion-row fusion-flex-align-items-stretch fusion-flex-content-wrap\" style=\"max-width:1320.8px;margin-left: calc(-4% \/ 2 );margin-right: calc(-4% \/ 2 );\"><div class=\"fusion-layout-column fusion_builder_column fusion-builder-column-0 fusion_builder_column_1_1 1_1 fusion-flex-column\" style=\"--awb-padding-right:0%;--awb-padding-left:0%;--awb-bg-size:cover;--awb-width-large:100%;--awb-margin-top-large:0px;--awb-spacing-right-large:1.92%;--awb-margin-bottom-large:0px;--awb-spacing-left-large:2.56%;--awb-width-medium:100%;--awb-spacing-right-medium:1.92%;--awb-spacing-left-medium:1.92%;--awb-width-small:100%;--awb-spacing-right-small:1.92%;--awb-spacing-left-small:1.92%;\"><div class=\"fusion-column-wrapper fusion-flex-justify-content-flex-start fusion-content-layout-column\"><div class=\"fusion-title title fusion-title-1 fusion-sep-none fusion-title-text fusion-title-size-two\" style=\"--awb-margin-bottom:40px;--awb-font-size:2em;\"><h2 class=\"fusion-title-heading title-heading-left fusion-responsive-typography-calculated\" style=\"margin:0;font-size:1em;--fontSize:32;line-height:1;\">Alto Crotonese<\/h2><\/div><div class=\"fusion-text fusion-text-1\"><p>Io sono Katrin, sono una travel designer, cio\u00e8 organizzo cio\u00e8 \u201cviaggi su misura\u201d, tour personalizzati in Italia, precisamente in <b>Calabria<\/b>, la mia regione <span style=\"background-color: rgba(255, 255, 255, 0); color: var(--body_typography-color); font-family: var(--body_typography-font-family); font-size: var(--body_typography-font-size); font-style: var(--body_typography-font-style,normal); font-weight: var(--body_typography-font-weight); letter-spacing: var(--body_typography-letter-spacing);\">italiana preferita! <\/span><span style=\"background-color: rgba(255, 255, 255, 0); color: var(--body_typography-color); font-family: var(--body_typography-font-family); font-size: var(--body_typography-font-size); font-style: var(--body_typography-font-style,normal); font-weight: var(--body_typography-font-weight); letter-spacing: var(--body_typography-letter-spacing);\">\u00c8 pi\u00f9 forte di me, quando comincio a parlare della Calabria, tutti i miei sensi si accendono: i miei occhi cominciano a brillare, accelera il battito cardiaco, <\/span><span style=\"background-color: rgba(255, 255, 255, 0); color: var(--body_typography-color); font-family: var(--body_typography-font-family); font-size: var(--body_typography-font-size); font-style: var(--body_typography-font-style,normal); font-weight: var(--body_typography-font-weight); letter-spacing: var(--body_typography-letter-spacing);\">sono felice!<\/span><\/p>\n<p>Calabria: il posto dove mi sento a casa, una terra talmente ricca e diversa da offrire un fiume infinito di possibilit\u00e0 per chi ama viaggiare. <span style=\"background-color: rgba(255, 255, 255, 0); color: var(--body_typography-color); font-family: var(--body_typography-font-family); font-size: var(--body_typography-font-size); font-style: var(--body_typography-font-style,normal); font-weight: var(--body_typography-font-weight); letter-spacing: var(--body_typography-letter-spacing);\">La Calabria ha tutto e quando dico tutto non sto esagerando.<\/span><\/p>\n<p>Sembra inoltre che questa terra si sia risvegliata da un sonno durato decenni. <br \/><span style=\"background-color: rgba(255, 255, 255, 0); color: var(--body_typography-color); font-family: var(--body_typography-font-family); font-size: var(--body_typography-font-size); font-style: var(--body_typography-font-style,normal); font-weight: var(--body_typography-font-weight); letter-spacing: var(--body_typography-letter-spacing);\">Molte persone stanno rientrando negli ultimi tempi, sopratutto giovani, moltissimi laureati, con una formazione che hanno messo diversamente a <\/span><span style=\"background-color: rgba(255, 255, 255, 0); color: var(--body_typography-color); font-family: var(--body_typography-font-family); font-size: var(--body_typography-font-size); font-style: var(--body_typography-font-style,normal); font-weight: var(--body_typography-font-weight); letter-spacing: var(--body_typography-letter-spacing);\">servizio del territorio. Molti tornano all\u2019agricoltura, altri per riorganizzare una terra troppo a lungo abbandonata. <\/span><span style=\"background-color: rgba(255, 255, 255, 0); color: var(--body_typography-color); font-family: var(--body_typography-font-family); font-size: var(--body_typography-font-size); font-style: var(--body_typography-font-style,normal); font-weight: var(--body_typography-font-weight); letter-spacing: var(--body_typography-letter-spacing);\">E un altro miracolo \u00e8 che chi \u00e8 ritornato fa rete, al di l\u00e0 delle distanze. Si mettono insieme forze ed esperienze.<\/span><\/p>\n<p><b>Leggi e lasciati ispirare!<\/b><\/p>\n<p><b> <\/b><\/p>\n<h3 data-fontsize=\"28\" data-lineheight=\"36.96px\" class=\"fusion-responsive-typography-calculated\" style=\"--fontSize:28; line-height: 1.32;\">Luglio 2021<\/h3>\n<p>Un\u2019estate piovosa a Friburgo, dove vivo da tre anni con la mia famiglia calabro-tedesca. <span style=\"background-color: rgba(255, 255, 255, 0); color: var(--body_typography-color); font-family: var(--body_typography-font-family); font-size: var(--body_typography-font-size); font-style: var(--body_typography-font-style,normal); font-weight: var(--body_typography-font-weight); letter-spacing: var(--body_typography-letter-spacing);\">Domenico Gentile \u201c<a href=\"https:\/\/cookingitaly.de\/\" target=\"_blank\" rel=\"noopener noreferrer\">Cooking Italy<\/a>\u201d, con cui nel 2019 ho iniziato ad avere uno scambio casuale via Facebook in merito alla Calabria, mi scrive: <\/span><span style=\"background-color: rgba(255, 255, 255, 0); color: var(--body_typography-color); font-family: var(--body_typography-font-family); font-size: var(--body_typography-font-size); font-style: var(--body_typography-font-style,normal); font-weight: var(--body_typography-font-weight); letter-spacing: var(--body_typography-letter-spacing);\">\u201cNon conosci ancora la mia zona a nord di Crotone. C&#8217;\u00e8 cos\u00ec tanto da scoprire!\u201d <\/span><span style=\"background-color: rgba(255, 255, 255, 0); color: var(--body_typography-color); font-family: var(--body_typography-font-family); font-size: var(--body_typography-font-size); font-style: var(--body_typography-font-style,normal); font-weight: var(--body_typography-font-weight); letter-spacing: var(--body_typography-letter-spacing);\">Trovato un volo economico, in famiglia tutti d&#8217;accordo\u2026improvvisamente il piano si \u00e8 rivelato chiarissimo: una settimana nell&#8217;Alto Crotonese. <\/span><span style=\"color: var(--body_typography-color); font-family: var(--body_typography-font-family); font-size: var(--body_typography-font-size); font-style: var(--body_typography-font-style,normal); font-weight: var(--body_typography-font-weight); letter-spacing: var(--body_typography-letter-spacing); background-color: rgba(255, 255, 255, 0);\">Domenico generosamente mi ha passato due contatti importanti sul territorio: Ettore Bonanno di Fili Meridiani e Mariella Camposano di<\/span><span style=\"color: var(--body_typography-color); font-family: var(--body_typography-font-family); font-size: var(--body_typography-font-size); font-style: var(--body_typography-font-style,normal); font-weight: var(--body_typography-font-weight); letter-spacing: var(--body_typography-letter-spacing); background-color: rgba(255, 255, 255, 0);\"> <a href=\"https:\/\/rossomari.com\/\" target=\"_blank\" rel=\"noopener noreferrer\">Rossomari<\/a>. <\/span><span style=\"background-color: rgba(255, 255, 255, 0); color: var(--body_typography-color); font-family: var(--body_typography-font-family); font-size: var(--body_typography-font-size); font-style: var(--body_typography-font-style,normal); font-weight: var(--body_typography-font-weight); letter-spacing: var(--body_typography-letter-spacing);\">Mi si \u00e8 aperta una rete incredibile e da qui un programma intenso per il mio primo viaggio in questa parte di Calabria.<\/span><\/p>\n<\/div><\/div><\/div><\/div><\/div><div class=\"fusion-fullwidth fullwidth-box fusion-builder-row-2 fusion-flex-container nonhundred-percent-fullwidth non-hundred-percent-height-scrolling\" style=\"--awb-border-radius-top-left:0px;--awb-border-radius-top-right:0px;--awb-border-radius-bottom-right:0px;--awb-border-radius-bottom-left:0px;--awb-padding-top:0%;--awb-padding-right:10%;--awb-padding-bottom:0%;--awb-padding-left:10%;--awb-margin-top:0px;--awb-flex-wrap:wrap;\" ><div class=\"fusion-builder-row fusion-row fusion-flex-align-items-flex-start fusion-flex-content-wrap\" style=\"max-width:1320.8px;margin-left: calc(-4% \/ 2 );margin-right: calc(-4% \/ 2 );\"><div class=\"fusion-layout-column fusion_builder_column fusion-builder-column-1 fusion_builder_column_1_3 1_3 fusion-flex-column\" style=\"--awb-bg-size:cover;--awb-width-large:33.3333333333%;--awb-margin-top-large:25px;--awb-spacing-right-large:5.76%;--awb-margin-bottom-large:25px;--awb-spacing-left-large:5.76%;--awb-width-medium:100%;--awb-order-medium:0;--awb-spacing-right-medium:1.92%;--awb-spacing-left-medium:1.92%;--awb-width-small:100%;--awb-order-small:0;--awb-spacing-right-small:1.92%;--awb-spacing-left-small:1.92%;\"><div class=\"fusion-column-wrapper fusion-column-has-shadow fusion-flex-justify-content-flex-start fusion-content-layout-column\"><div class=\"fusion-image-element \" style=\"--awb-caption-title-font-family:var(--h2_typography-font-family);--awb-caption-title-font-weight:var(--h2_typography-font-weight);--awb-caption-title-font-style:var(--h2_typography-font-style);--awb-caption-title-size:var(--h2_typography-font-size);--awb-caption-title-transform:var(--h2_typography-text-transform);--awb-caption-title-line-height:var(--h2_typography-line-height);--awb-caption-title-letter-spacing:var(--h2_typography-letter-spacing);\"><span class=\" fusion-imageframe imageframe-none imageframe-1 hover-type-none\"><img decoding=\"async\" width=\"1280\" height=\"1707\" title=\"Alto Crotonese\" src=\"https:\/\/urlaub-an-der-stiefelspitze.com\/wp-content\/uploads\/2022\/01\/6Jcs8ld-1.jpg\" data-orig-src=\"https:\/\/urlaub-an-der-stiefelspitze.com\/wp-content\/uploads\/2022\/01\/6Jcs8ld-1.jpg\" alt class=\"lazyload img-responsive wp-image-5364\" srcset=\"data:image\/svg+xml,%3Csvg%20xmlns%3D%27http%3A%2F%2Fwww.w3.org%2F2000%2Fsvg%27%20width%3D%271280%27%20height%3D%271707%27%20viewBox%3D%270%200%201280%201707%27%3E%3Crect%20width%3D%271280%27%20height%3D%271707%27%20fill-opacity%3D%220%22%2F%3E%3C%2Fsvg%3E\" data-srcset=\"https:\/\/urlaub-an-der-stiefelspitze.com\/wp-content\/uploads\/2022\/01\/6Jcs8ld-1-200x267.jpg 200w, https:\/\/urlaub-an-der-stiefelspitze.com\/wp-content\/uploads\/2022\/01\/6Jcs8ld-1-400x533.jpg 400w, https:\/\/urlaub-an-der-stiefelspitze.com\/wp-content\/uploads\/2022\/01\/6Jcs8ld-1-600x800.jpg 600w, https:\/\/urlaub-an-der-stiefelspitze.com\/wp-content\/uploads\/2022\/01\/6Jcs8ld-1-800x1067.jpg 800w, https:\/\/urlaub-an-der-stiefelspitze.com\/wp-content\/uploads\/2022\/01\/6Jcs8ld-1-1200x1600.jpg 1200w, https:\/\/urlaub-an-der-stiefelspitze.com\/wp-content\/uploads\/2022\/01\/6Jcs8ld-1.jpg 1280w\" data-sizes=\"auto\" data-orig-sizes=\"(max-width: 1024px) 100vw, (max-width: 640px) 100vw, 400px\" \/><\/span><\/div><\/div><\/div><div class=\"fusion-layout-column fusion_builder_column fusion-builder-column-2 fusion_builder_column_1_3 1_3 fusion-flex-column\" style=\"--awb-bg-size:cover;--awb-width-large:33.3333333333%;--awb-margin-top-large:25px;--awb-spacing-right-large:5.76%;--awb-margin-bottom-large:25px;--awb-spacing-left-large:5.76%;--awb-width-medium:100%;--awb-order-medium:0;--awb-spacing-right-medium:1.92%;--awb-spacing-left-medium:1.92%;--awb-width-small:100%;--awb-order-small:0;--awb-spacing-right-small:1.92%;--awb-spacing-left-small:1.92%;\"><div class=\"fusion-column-wrapper fusion-column-has-shadow fusion-flex-justify-content-flex-start fusion-content-layout-column\"><div class=\"fusion-image-element \" style=\"--awb-caption-title-font-family:var(--h2_typography-font-family);--awb-caption-title-font-weight:var(--h2_typography-font-weight);--awb-caption-title-font-style:var(--h2_typography-font-style);--awb-caption-title-size:var(--h2_typography-font-size);--awb-caption-title-transform:var(--h2_typography-text-transform);--awb-caption-title-line-height:var(--h2_typography-line-height);--awb-caption-title-letter-spacing:var(--h2_typography-letter-spacing);\"><span class=\" fusion-imageframe imageframe-none imageframe-2 hover-type-none\"><img decoding=\"async\" width=\"768\" height=\"1024\" alt=\"Alto Crotonese\" title=\"Alto Crotonese\" src=\"https:\/\/urlaub-an-der-stiefelspitze.com\/wp-content\/uploads\/2022\/01\/PRVs1fRh.jpg\" data-orig-src=\"https:\/\/urlaub-an-der-stiefelspitze.com\/wp-content\/uploads\/2022\/01\/PRVs1fRh.jpg\" class=\"lazyload img-responsive wp-image-3240\" srcset=\"data:image\/svg+xml,%3Csvg%20xmlns%3D%27http%3A%2F%2Fwww.w3.org%2F2000%2Fsvg%27%20width%3D%27768%27%20height%3D%271024%27%20viewBox%3D%270%200%20768%201024%27%3E%3Crect%20width%3D%27768%27%20height%3D%271024%27%20fill-opacity%3D%220%22%2F%3E%3C%2Fsvg%3E\" data-srcset=\"https:\/\/urlaub-an-der-stiefelspitze.com\/wp-content\/uploads\/2022\/01\/PRVs1fRh-200x267.jpg 200w, https:\/\/urlaub-an-der-stiefelspitze.com\/wp-content\/uploads\/2022\/01\/PRVs1fRh-400x533.jpg 400w, https:\/\/urlaub-an-der-stiefelspitze.com\/wp-content\/uploads\/2022\/01\/PRVs1fRh-600x800.jpg 600w, https:\/\/urlaub-an-der-stiefelspitze.com\/wp-content\/uploads\/2022\/01\/PRVs1fRh.jpg 768w\" data-sizes=\"auto\" data-orig-sizes=\"(max-width: 1024px) 100vw, (max-width: 640px) 100vw, 400px\" \/><\/span><\/div><\/div><\/div><div class=\"fusion-layout-column fusion_builder_column fusion-builder-column-3 fusion_builder_column_1_3 1_3 fusion-flex-column\" style=\"--awb-bg-size:cover;--awb-width-large:33.3333333333%;--awb-margin-top-large:25px;--awb-spacing-right-large:5.76%;--awb-margin-bottom-large:25px;--awb-spacing-left-large:5.76%;--awb-width-medium:100%;--awb-order-medium:0;--awb-spacing-right-medium:1.92%;--awb-spacing-left-medium:1.92%;--awb-width-small:100%;--awb-order-small:0;--awb-spacing-right-small:1.92%;--awb-spacing-left-small:1.92%;\"><div class=\"fusion-column-wrapper fusion-column-has-shadow fusion-flex-justify-content-flex-start fusion-content-layout-column\"><div class=\"fusion-image-element \" style=\"--awb-caption-title-font-family:var(--h2_typography-font-family);--awb-caption-title-font-weight:var(--h2_typography-font-weight);--awb-caption-title-font-style:var(--h2_typography-font-style);--awb-caption-title-size:var(--h2_typography-font-size);--awb-caption-title-transform:var(--h2_typography-text-transform);--awb-caption-title-line-height:var(--h2_typography-line-height);--awb-caption-title-letter-spacing:var(--h2_typography-letter-spacing);\"><span class=\" fusion-imageframe imageframe-none imageframe-3 hover-type-none\"><img decoding=\"async\" width=\"768\" height=\"1024\" title=\"623HKcCh\" src=\"https:\/\/urlaub-an-der-stiefelspitze.com\/wp-content\/uploads\/2022\/01\/623HKcCh.jpg\" data-orig-src=\"https:\/\/urlaub-an-der-stiefelspitze.com\/wp-content\/uploads\/2022\/01\/623HKcCh.jpg\" alt class=\"lazyload img-responsive wp-image-3241\" srcset=\"data:image\/svg+xml,%3Csvg%20xmlns%3D%27http%3A%2F%2Fwww.w3.org%2F2000%2Fsvg%27%20width%3D%27768%27%20height%3D%271024%27%20viewBox%3D%270%200%20768%201024%27%3E%3Crect%20width%3D%27768%27%20height%3D%271024%27%20fill-opacity%3D%220%22%2F%3E%3C%2Fsvg%3E\" data-srcset=\"https:\/\/urlaub-an-der-stiefelspitze.com\/wp-content\/uploads\/2022\/01\/623HKcCh-200x267.jpg 200w, https:\/\/urlaub-an-der-stiefelspitze.com\/wp-content\/uploads\/2022\/01\/623HKcCh-400x533.jpg 400w, https:\/\/urlaub-an-der-stiefelspitze.com\/wp-content\/uploads\/2022\/01\/623HKcCh-600x800.jpg 600w, https:\/\/urlaub-an-der-stiefelspitze.com\/wp-content\/uploads\/2022\/01\/623HKcCh.jpg 768w\" data-sizes=\"auto\" data-orig-sizes=\"(max-width: 1024px) 100vw, (max-width: 640px) 100vw, 400px\" \/><\/span><\/div><\/div><\/div><\/div><\/div><div class=\"fusion-fullwidth fullwidth-box fusion-builder-row-3 fusion-flex-container nonhundred-percent-fullwidth non-hundred-percent-height-scrolling\" style=\"--awb-border-radius-top-left:0px;--awb-border-radius-top-right:0px;--awb-border-radius-bottom-right:0px;--awb-border-radius-bottom-left:0px;--awb-padding-top:2%;--awb-padding-right:10%;--awb-padding-bottom:1%;--awb-padding-left:10%;--awb-flex-wrap:wrap;\" ><div class=\"fusion-builder-row fusion-row fusion-flex-align-items-stretch fusion-flex-content-wrap\" style=\"max-width:1320.8px;margin-left: calc(-4% \/ 2 );margin-right: calc(-4% \/ 2 );\"><div class=\"fusion-layout-column fusion_builder_column fusion-builder-column-4 fusion_builder_column_1_1 1_1 fusion-flex-column\" style=\"--awb-padding-right:0%;--awb-padding-left:0%;--awb-bg-size:cover;--awb-width-large:100%;--awb-margin-top-large:0px;--awb-spacing-right-large:1.92%;--awb-margin-bottom-large:0px;--awb-spacing-left-large:2.56%;--awb-width-medium:100%;--awb-spacing-right-medium:1.92%;--awb-spacing-left-medium:1.92%;--awb-width-small:100%;--awb-spacing-right-small:1.92%;--awb-spacing-left-small:1.92%;\"><div class=\"fusion-column-wrapper fusion-flex-justify-content-flex-start fusion-content-layout-column\"><div class=\"fusion-title title fusion-title-2 fusion-sep-none fusion-title-text fusion-title-size-two\" style=\"--awb-margin-bottom:40px;--awb-font-size:2em;\"><h2 class=\"fusion-title-heading title-heading-left fusion-responsive-typography-calculated\" style=\"margin:0;font-size:1em;--fontSize:32;line-height:1;\">Wild Wild West! East!<\/h2><\/div><div class=\"fusion-text fusion-text-2\"><p><b>La Calabria ha tutto,<\/b> l\u2019ho gi\u00e0 detto. Puoi goderti le piccole e graziose baie sabbiose, i pittoreschi paesini a picco sul mare, come Tropea o Scilla sulla costa <span style=\"background-color: rgba(255, 255, 255, 0); color: var(--body_typography-color); font-family: var(--body_typography-font-family); font-size: var(--body_typography-font-size); font-style: var(--body_typography-font-style,normal); font-weight: var(--body_typography-font-weight); letter-spacing: var(--body_typography-letter-spacing);\">tirrenica. Io li amo e come non amarli! Ma se vai sulla costa ionica preparati a qualcosa di straordinario e unico: ovunque si volga lo sguardo distese <\/span><span style=\"color: var(--body_typography-color); font-family: var(--body_typography-font-family); font-size: var(--body_typography-font-size); font-style: var(--body_typography-font-style,normal); font-weight: var(--body_typography-font-weight); letter-spacing: var(--body_typography-letter-spacing); background-color: rgba(255, 255, 255, 0);\">mozzafiato. Il paesaggio, il mare e le spiagge infinite: si potrebbe pensare al Far West che \u00e8 in Calabria, per\u00f2 si trova ad est!<\/span><\/p>\n<p>Arrivarci non \u00e8 facilissimo: dall&#8217;aeroporto di Lamezia Terme sono necessarie da 1,5 a 2 ore per raggiungere l\u2019area del crotonese. A Crotone c&#8217;\u00e8 un aeroporto, da anni tuavia non \u00e8 stato operavo e anche ora i voli sono pochi e tu italiani. Sarebbe fantasco se questa cosa cambiasse.<\/p>\n<p><b>Ma ne vale la pena!<\/b><\/p>\n<p>Il mio viaggio inizia con una visita a Raffaella Conci e Umberto Ferrari, della <a href=\"https:\/\/www.facebook.com\/Terrejonicheliberaterra\/?ref=page_internal\" target=\"_blank\" rel=\"noopener noreferrer\">Cooperativa Terre Joniche<\/a> &#8211; Cooperativa Antimafia, sotto l&#8217;egida di Libero a <span style=\"background-color: rgba(255, 255, 255, 0); color: var(--body_typography-color); font-family: var(--body_typography-font-family); font-size: var(--body_typography-font-size); font-style: var(--body_typography-font-style,normal); font-weight: var(--body_typography-font-weight); letter-spacing: var(--body_typography-letter-spacing);\">Capo Rizzuto. Un contatto prezioso per cui ringrazio Ilona Witten, autrice della guida turistica \u201c<a href=\"https:\/\/www.buecher.de\/shop\/europa\/dumont-reise-taschenbuch-reisefuehrer-kalabrien\/witten-ilona\/products_products\/detail\/prod_id\/40802585\/\" target=\"_blank\" rel=\"noopener noreferrer\">Calabria\u201d<\/a>.<\/span><\/p>\n<p>La &#8216;ndrangheta calabrese \u00e8 molto radicata in questa zona, ma da un po\u2019 di anni c&#8217;\u00e8 un forte vento di cambiamento. C\u2019\u00e8 anche da aggiungere poi che la <span style=\"background-color: rgba(255, 255, 255, 0); color: var(--body_typography-color); font-family: var(--body_typography-font-family); font-size: var(--body_typography-font-size); font-style: var(--body_typography-font-style,normal); font-weight: var(--body_typography-font-weight); letter-spacing: var(--body_typography-letter-spacing);\">criminalit\u00e0 organizzata non si ferma a nessun confine nazionale e anche la Germania dovrebbe collaborare con chi lavora nell\u2019antimafia italiana, anche <\/span><span style=\"background-color: rgba(255, 255, 255, 0); color: var(--body_typography-color); font-family: var(--body_typography-font-family); font-size: var(--body_typography-font-size); font-style: var(--body_typography-font-style,normal); font-weight: var(--body_typography-font-weight); letter-spacing: var(--body_typography-letter-spacing);\">con una certa urgenza.<\/span><\/p>\n<p>Tornando alla Calabria e a quest\u2019area del crotonese, che per me \u00e8 molto importante osservare bene e attentamente. <span style=\"background-color: rgba(255, 255, 255, 0); color: var(--body_typography-color); font-family: var(--body_typography-font-family); font-size: var(--body_typography-font-size); font-style: var(--body_typography-font-style,normal); font-weight: var(--body_typography-font-weight); letter-spacing: var(--body_typography-letter-spacing);\">Ci sono realt\u00e0 non intaccate da questo oscuro male e ci sono luoghi in cui mi piacerebbe lavorare. Ci sono infatti molte persone che stanno facendo un <\/span><span style=\"background-color: rgba(255, 255, 255, 0); color: var(--body_typography-color); font-family: var(--body_typography-font-family); font-size: var(--body_typography-font-size); font-style: var(--body_typography-font-style,normal); font-weight: var(--body_typography-font-weight); letter-spacing: var(--body_typography-letter-spacing);\">lavoro prezioso per cambiare i meccanismi e la narrativa, spesso su piccola scala, ma \u00e8 un inizio.<\/span><\/p>\n<p>Quello della Cooperativa Terre Joniche &#8211; Cooperativa Antimafia \u00e8 un esempio in questa direzione: la terra confiscata viene convertita in un&#8217;agricoltura <span style=\"background-color: rgba(255, 255, 255, 0); color: var(--body_typography-color); font-family: var(--body_typography-font-family); font-size: var(--body_typography-font-size); font-style: var(--body_typography-font-style,normal); font-weight: var(--body_typography-font-weight); letter-spacing: var(--body_typography-letter-spacing);\">redditizia, dove le verdure vengono coltivate in modo sostenibile e biologico.<\/span><\/p>\n<p><b>Anche la posizione in cui si trova Terre Joniche \u00e8 stupenda,<\/b> con una vista sull\u2019area marina protetta di Capo Rizzuto mozzafiato. Poco pi\u00f9 in l\u00e0 Capo <span style=\"background-color: rgba(255, 255, 255, 0); color: var(--body_typography-color); font-family: var(--body_typography-font-family); font-size: var(--body_typography-font-size); font-style: var(--body_typography-font-style,normal); font-weight: var(--body_typography-font-weight); letter-spacing: var(--body_typography-letter-spacing);\">Colonna, il luogo pi\u00f9 importante della Magna Grecia qui in Calabria: un santuario risalente al V secolo a.C.<\/span><\/p>\n<p>Del grande tempio dorico resta solo una colonna e non pensavo potesse avere un tale impatto e una tale potenza. <b>\u00c8 incredibile, non perdertela!<\/b><\/p>\n<\/div><\/div><\/div><\/div><\/div><div class=\"fusion-fullwidth fullwidth-box fusion-builder-row-4 fusion-flex-container nonhundred-percent-fullwidth non-hundred-percent-height-scrolling\" style=\"--awb-border-radius-top-left:0px;--awb-border-radius-top-right:0px;--awb-border-radius-bottom-right:0px;--awb-border-radius-bottom-left:0px;--awb-padding-top:0%;--awb-padding-right:10%;--awb-padding-bottom:0%;--awb-padding-left:10%;--awb-margin-top:0px;--awb-flex-wrap:wrap;\" ><div class=\"fusion-builder-row fusion-row fusion-flex-align-items-flex-start fusion-flex-content-wrap\" style=\"max-width:1320.8px;margin-left: calc(-4% \/ 2 );margin-right: calc(-4% \/ 2 );\"><div class=\"fusion-layout-column fusion_builder_column fusion-builder-column-5 fusion_builder_column_1_1 1_1 fusion-flex-column\" style=\"--awb-bg-size:cover;--awb-width-large:100%;--awb-margin-top-large:0px;--awb-spacing-right-large:1.92%;--awb-margin-bottom-large:0px;--awb-spacing-left-large:1.92%;--awb-width-medium:100%;--awb-order-medium:0;--awb-spacing-right-medium:1.92%;--awb-spacing-left-medium:1.92%;--awb-width-small:100%;--awb-order-small:0;--awb-spacing-right-small:1.92%;--awb-spacing-left-small:1.92%;\"><div class=\"fusion-column-wrapper fusion-column-has-shadow fusion-flex-justify-content-flex-start fusion-content-layout-column\"><div class=\"fusion-image-carousel fusion-image-carousel-auto fusion-image-carousel-1 fusion-carousel-border\"><div class=\"awb-carousel awb-swiper awb-swiper-carousel\" data-autoplay=\"no\" data-columns=\"3\" data-itemmargin=\"13\" data-itemwidth=\"180\" data-touchscroll=\"no\" data-imagesize=\"auto\" style=\"--awb-columns:3;\"><div class=\"swiper-wrapper awb-image-carousel-wrapper fusion-flex-align-items-center\"><div class=\"swiper-slide\"><div class=\"fusion-carousel-item-wrapper\"><div class=\"fusion-image-wrapper hover-type-none\"><img decoding=\"async\" width=\"1280\" height=\"1707\" src=\"https:\/\/urlaub-an-der-stiefelspitze.com\/wp-content\/uploads\/2022\/01\/dtMvSqO.jpg\" class=\"attachment-full size-full lazyload\" alt=\"\" srcset=\"data:image\/svg+xml,%3Csvg%20xmlns%3D%27http%3A%2F%2Fwww.w3.org%2F2000%2Fsvg%27%20width%3D%271280%27%20height%3D%271707%27%20viewBox%3D%270%200%201280%201707%27%3E%3Crect%20width%3D%271280%27%20height%3D%271707%27%20fill-opacity%3D%220%22%2F%3E%3C%2Fsvg%3E\" data-orig-src=\"https:\/\/urlaub-an-der-stiefelspitze.com\/wp-content\/uploads\/2022\/01\/dtMvSqO.jpg\" data-srcset=\"https:\/\/urlaub-an-der-stiefelspitze.com\/wp-content\/uploads\/2022\/01\/dtMvSqO-200x267.jpg 200w, https:\/\/urlaub-an-der-stiefelspitze.com\/wp-content\/uploads\/2022\/01\/dtMvSqO-400x533.jpg 400w, https:\/\/urlaub-an-der-stiefelspitze.com\/wp-content\/uploads\/2022\/01\/dtMvSqO-600x800.jpg 600w, https:\/\/urlaub-an-der-stiefelspitze.com\/wp-content\/uploads\/2022\/01\/dtMvSqO-800x1067.jpg 800w, https:\/\/urlaub-an-der-stiefelspitze.com\/wp-content\/uploads\/2022\/01\/dtMvSqO-1200x1600.jpg 1200w, https:\/\/urlaub-an-der-stiefelspitze.com\/wp-content\/uploads\/2022\/01\/dtMvSqO.jpg 1280w\" data-sizes=\"auto\" \/><\/div><\/div><\/div><div class=\"swiper-slide\"><div class=\"fusion-carousel-item-wrapper\"><div class=\"fusion-image-wrapper hover-type-none\"><img decoding=\"async\" width=\"1280\" height=\"1707\" src=\"https:\/\/urlaub-an-der-stiefelspitze.com\/wp-content\/uploads\/2022\/01\/GK0c7Lh.jpg\" class=\"attachment-full size-full lazyload\" alt=\"\" srcset=\"data:image\/svg+xml,%3Csvg%20xmlns%3D%27http%3A%2F%2Fwww.w3.org%2F2000%2Fsvg%27%20width%3D%271280%27%20height%3D%271707%27%20viewBox%3D%270%200%201280%201707%27%3E%3Crect%20width%3D%271280%27%20height%3D%271707%27%20fill-opacity%3D%220%22%2F%3E%3C%2Fsvg%3E\" data-orig-src=\"https:\/\/urlaub-an-der-stiefelspitze.com\/wp-content\/uploads\/2022\/01\/GK0c7Lh.jpg\" data-srcset=\"https:\/\/urlaub-an-der-stiefelspitze.com\/wp-content\/uploads\/2022\/01\/GK0c7Lh-200x267.jpg 200w, https:\/\/urlaub-an-der-stiefelspitze.com\/wp-content\/uploads\/2022\/01\/GK0c7Lh-400x533.jpg 400w, https:\/\/urlaub-an-der-stiefelspitze.com\/wp-content\/uploads\/2022\/01\/GK0c7Lh-600x800.jpg 600w, https:\/\/urlaub-an-der-stiefelspitze.com\/wp-content\/uploads\/2022\/01\/GK0c7Lh-800x1067.jpg 800w, https:\/\/urlaub-an-der-stiefelspitze.com\/wp-content\/uploads\/2022\/01\/GK0c7Lh-1200x1600.jpg 1200w, https:\/\/urlaub-an-der-stiefelspitze.com\/wp-content\/uploads\/2022\/01\/GK0c7Lh.jpg 1280w\" data-sizes=\"auto\" \/><\/div><\/div><\/div><div class=\"swiper-slide\"><div class=\"fusion-carousel-item-wrapper\"><div class=\"fusion-image-wrapper hover-type-none\"><img decoding=\"async\" width=\"1280\" height=\"1707\" src=\"https:\/\/urlaub-an-der-stiefelspitze.com\/wp-content\/uploads\/2022\/01\/EZk3IuP.jpg\" class=\"attachment-full size-full lazyload\" alt=\"\" srcset=\"data:image\/svg+xml,%3Csvg%20xmlns%3D%27http%3A%2F%2Fwww.w3.org%2F2000%2Fsvg%27%20width%3D%271280%27%20height%3D%271707%27%20viewBox%3D%270%200%201280%201707%27%3E%3Crect%20width%3D%271280%27%20height%3D%271707%27%20fill-opacity%3D%220%22%2F%3E%3C%2Fsvg%3E\" data-orig-src=\"https:\/\/urlaub-an-der-stiefelspitze.com\/wp-content\/uploads\/2022\/01\/EZk3IuP.jpg\" data-srcset=\"https:\/\/urlaub-an-der-stiefelspitze.com\/wp-content\/uploads\/2022\/01\/EZk3IuP-200x267.jpg 200w, https:\/\/urlaub-an-der-stiefelspitze.com\/wp-content\/uploads\/2022\/01\/EZk3IuP-400x533.jpg 400w, https:\/\/urlaub-an-der-stiefelspitze.com\/wp-content\/uploads\/2022\/01\/EZk3IuP-600x800.jpg 600w, https:\/\/urlaub-an-der-stiefelspitze.com\/wp-content\/uploads\/2022\/01\/EZk3IuP-800x1067.jpg 800w, https:\/\/urlaub-an-der-stiefelspitze.com\/wp-content\/uploads\/2022\/01\/EZk3IuP-1200x1600.jpg 1200w, https:\/\/urlaub-an-der-stiefelspitze.com\/wp-content\/uploads\/2022\/01\/EZk3IuP.jpg 1280w\" data-sizes=\"auto\" \/><\/div><\/div><\/div><div class=\"swiper-slide\"><div class=\"fusion-carousel-item-wrapper\"><div class=\"fusion-image-wrapper hover-type-none\"><img decoding=\"async\" width=\"1280\" height=\"1707\" src=\"https:\/\/urlaub-an-der-stiefelspitze.com\/wp-content\/uploads\/2022\/01\/pcpLjqR.jpg\" class=\"attachment-full size-full lazyload\" alt=\"\" srcset=\"data:image\/svg+xml,%3Csvg%20xmlns%3D%27http%3A%2F%2Fwww.w3.org%2F2000%2Fsvg%27%20width%3D%271280%27%20height%3D%271707%27%20viewBox%3D%270%200%201280%201707%27%3E%3Crect%20width%3D%271280%27%20height%3D%271707%27%20fill-opacity%3D%220%22%2F%3E%3C%2Fsvg%3E\" data-orig-src=\"https:\/\/urlaub-an-der-stiefelspitze.com\/wp-content\/uploads\/2022\/01\/pcpLjqR.jpg\" data-srcset=\"https:\/\/urlaub-an-der-stiefelspitze.com\/wp-content\/uploads\/2022\/01\/pcpLjqR-200x267.jpg 200w, https:\/\/urlaub-an-der-stiefelspitze.com\/wp-content\/uploads\/2022\/01\/pcpLjqR-400x533.jpg 400w, https:\/\/urlaub-an-der-stiefelspitze.com\/wp-content\/uploads\/2022\/01\/pcpLjqR-600x800.jpg 600w, https:\/\/urlaub-an-der-stiefelspitze.com\/wp-content\/uploads\/2022\/01\/pcpLjqR-800x1067.jpg 800w, https:\/\/urlaub-an-der-stiefelspitze.com\/wp-content\/uploads\/2022\/01\/pcpLjqR-1200x1600.jpg 1200w, https:\/\/urlaub-an-der-stiefelspitze.com\/wp-content\/uploads\/2022\/01\/pcpLjqR.jpg 1280w\" data-sizes=\"auto\" \/><\/div><\/div><\/div><div class=\"swiper-slide\"><div class=\"fusion-carousel-item-wrapper\"><div class=\"fusion-image-wrapper hover-type-none\"><img decoding=\"async\" width=\"768\" height=\"1024\" src=\"https:\/\/urlaub-an-der-stiefelspitze.com\/wp-content\/uploads\/2022\/01\/A80UmlVh.jpg\" class=\"attachment-full size-full lazyload\" alt=\"\" srcset=\"data:image\/svg+xml,%3Csvg%20xmlns%3D%27http%3A%2F%2Fwww.w3.org%2F2000%2Fsvg%27%20width%3D%27768%27%20height%3D%271024%27%20viewBox%3D%270%200%20768%201024%27%3E%3Crect%20width%3D%27768%27%20height%3D%271024%27%20fill-opacity%3D%220%22%2F%3E%3C%2Fsvg%3E\" data-orig-src=\"https:\/\/urlaub-an-der-stiefelspitze.com\/wp-content\/uploads\/2022\/01\/A80UmlVh.jpg\" data-srcset=\"https:\/\/urlaub-an-der-stiefelspitze.com\/wp-content\/uploads\/2022\/01\/A80UmlVh-200x267.jpg 200w, https:\/\/urlaub-an-der-stiefelspitze.com\/wp-content\/uploads\/2022\/01\/A80UmlVh-400x533.jpg 400w, https:\/\/urlaub-an-der-stiefelspitze.com\/wp-content\/uploads\/2022\/01\/A80UmlVh-600x800.jpg 600w, https:\/\/urlaub-an-der-stiefelspitze.com\/wp-content\/uploads\/2022\/01\/A80UmlVh.jpg 768w\" data-sizes=\"auto\" \/><\/div><\/div><\/div><\/div><div class=\"awb-swiper-button awb-swiper-button-prev\"><i class=\"awb-icon-angle-left\" aria-hidden=\"true\"><\/i><\/div><div class=\"awb-swiper-button awb-swiper-button-next\"><i class=\"awb-icon-angle-right\" aria-hidden=\"true\"><\/i><\/div><\/div><\/div><\/div><\/div><\/div><\/div><div class=\"fusion-fullwidth fullwidth-box fusion-builder-row-5 fusion-flex-container nonhundred-percent-fullwidth non-hundred-percent-height-scrolling\" style=\"--awb-border-radius-top-left:0px;--awb-border-radius-top-right:0px;--awb-border-radius-bottom-right:0px;--awb-border-radius-bottom-left:0px;--awb-padding-top:0%;--awb-padding-right:10%;--awb-padding-bottom:0%;--awb-padding-left:10%;--awb-flex-wrap:wrap;\" ><div class=\"fusion-builder-row fusion-row fusion-flex-align-items-flex-start fusion-flex-content-wrap\" style=\"max-width:1320.8px;margin-left: calc(-4% \/ 2 );margin-right: calc(-4% \/ 2 );\"><div class=\"fusion-layout-column fusion_builder_column fusion-builder-column-6 fusion_builder_column_1_1 1_1 fusion-flex-column\" style=\"--awb-bg-size:cover;--awb-width-large:100%;--awb-margin-top-large:0px;--awb-spacing-right-large:1.92%;--awb-margin-bottom-large:25px;--awb-spacing-left-large:1.92%;--awb-width-medium:100%;--awb-order-medium:0;--awb-spacing-right-medium:1.92%;--awb-spacing-left-medium:1.92%;--awb-width-small:100%;--awb-order-small:0;--awb-spacing-right-small:1.92%;--awb-spacing-left-small:1.92%;\"><div class=\"fusion-column-wrapper fusion-column-has-shadow fusion-flex-justify-content-flex-start fusion-content-layout-column\"><div class=\"fusion-title title fusion-title-3 fusion-sep-none fusion-title-text fusion-title-size-two\" style=\"--awb-margin-bottom:40px;--awb-font-size:31px;\"><h2 class=\"fusion-title-heading title-heading-left fusion-responsive-typography-calculated\" style=\"margin:0;font-size:1em;--fontSize:31;line-height:1.26;\">Beach-Hang Loose-Eat Good<\/h2><\/div><div class=\"fusion-text fusion-text-3\"><p><b>Il giorno dopo il mio arrivo \u00e8 obbligatorio passare almeno 2 ore in spiaggia, io non me li perdo mai!<\/b><\/p>\n<p>Prima alla base di Jsea &#8211; Kite-Surf vicino a Crotone, dove <a href=\"https:\/\/www.instagram.com\/tonycili\/?hl=de\">Toni Cili<\/a> allena le giovani generazioni per le competizioni internazionali in questo sport da <span style=\"background-color: rgba(255, 255, 255, 0); color: var(--body_typography-color); font-family: var(--body_typography-font-family); font-size: var(--body_typography-font-size); font-style: var(--body_typography-font-style,normal); font-weight: var(--body_typography-font-weight); letter-spacing: var(--body_typography-letter-spacing);\">brivido. <\/span><\/p>\n<p><span style=\"background-color: rgba(255, 255, 255, 0); color: var(--body_typography-color); font-family: var(--body_typography-font-family); font-size: var(--body_typography-font-size); font-style: var(--body_typography-font-style,normal); font-weight: var(--body_typography-font-weight); letter-spacing: var(--body_typography-letter-spacing);\">C&#8217;\u00e8 quasi sempre vento sulla costa ionica. Vale la pena venire a provare questa disciplina davanti allo skyline crotonese. Troverai un\u2019atmosfera aperta e <\/span><span style=\"background-color: rgba(255, 255, 255, 0); color: var(--body_typography-color); font-family: var(--body_typography-font-family); font-size: var(--body_typography-font-size); font-style: var(--body_typography-font-style,normal); font-weight: var(--body_typography-font-weight); letter-spacing: var(--body_typography-letter-spacing);\">calorosa, buona attrezzatura, organizzata in maniera professionale.<\/span><\/p>\n<p><a href=\"https:\/\/www.facebook.com\/clubvelicocrotone\">Club Velico Crotone<\/a><\/p>\n<p>Pochi Lidi pi\u00f9 avanti incontro Mariella Camposano, elegante e da subito molto affabile: un\u2019 imprenditrice di cuore e passione. Ha un negozio a Crotone <span style=\"background-color: rgba(255, 255, 255, 0); color: var(--body_typography-color); font-family: var(--body_typography-font-family); font-size: var(--body_typography-font-size); font-style: var(--body_typography-font-style,normal); font-weight: var(--body_typography-font-weight); letter-spacing: var(--body_typography-letter-spacing);\">dove vende prodotti calabresi selezionati, che compra direttamente dai produttori locali regionali. Da poco ha anche un negozio online di <\/span><span style=\"background-color: rgba(255, 255, 255, 0); color: var(--body_typography-color); font-family: var(--body_typography-font-family); font-size: var(--body_typography-font-size); font-style: var(--body_typography-font-style,normal); font-weight: var(--body_typography-font-weight); letter-spacing: var(--body_typography-letter-spacing);\">successo: <a href=\"https:\/\/rossomari.com\/\" target=\"_blank\" rel=\"noopener noreferrer\">RossoMari<\/a>. Il marito Francesco Guarascio, invece, gestisce un simpaticissimo ristorante \u201cRiccardo\u2019s\u201d, proprio sulla spiaggia del <a href=\"https:\/\/www.facebook.com\/Lido-katia-246102378735844\/\" target=\"_blank\" rel=\"noopener noreferrer\">Lido Katia<\/a>.<\/span><\/p>\n<p><b>La Calabria ti travolge con le esperienze culinarie che offre.<\/b> Che possono essere molto semplici: un\u2019insalata di pomodoro, deliziosi sottolio, salumi <span style=\"background-color: rgba(255, 255, 255, 0); color: var(--body_typography-color); font-family: var(--body_typography-font-family); font-size: var(--body_typography-font-size); font-style: var(--body_typography-font-style,normal); font-weight: var(--body_typography-font-weight); letter-spacing: var(--body_typography-letter-spacing);\">calabresi. Franco dice: \u201cNon potrei mai offrire questa insalata di pomodori altrove! <\/span><span style=\"background-color: rgba(255, 255, 255, 0); color: var(--body_typography-color); font-family: var(--body_typography-font-family); font-size: var(--body_typography-font-size); font-style: var(--body_typography-font-style,normal); letter-spacing: var(--body_typography-letter-spacing);\"><b>Con un pomodoro che non cresce sotto il sole calabrese<\/b><\/span><span style=\"background-color: rgba(255, 255, 255, 0); color: var(--body_typography-color); font-family: var(--body_typography-font-family); font-size: var(--body_typography-font-size); font-style: var(--body_typography-font-style,normal); font-weight: var(--body_typography-font-weight); letter-spacing: var(--body_typography-letter-spacing);\">!\u201d. Bene, ha <\/span><span style=\"background-color: rgba(255, 255, 255, 0); color: var(--body_typography-color); font-family: var(--body_typography-font-family); font-size: var(--body_typography-font-size); font-style: var(--body_typography-font-style,normal); font-weight: var(--body_typography-font-weight); letter-spacing: var(--body_typography-letter-spacing);\">ragione! Grazie a voi due per questa bellissima accoglienza!<\/span><\/p>\n<\/div><\/div><\/div><\/div><\/div><div class=\"fusion-fullwidth fullwidth-box fusion-builder-row-6 fusion-flex-container nonhundred-percent-fullwidth non-hundred-percent-height-scrolling\" style=\"--awb-border-radius-top-left:0px;--awb-border-radius-top-right:0px;--awb-border-radius-bottom-right:0px;--awb-border-radius-bottom-left:0px;--awb-padding-top:0%;--awb-padding-right:10%;--awb-padding-bottom:0%;--awb-padding-left:10%;--awb-margin-top:0px;--awb-flex-wrap:wrap;\" ><div class=\"fusion-builder-row fusion-row fusion-flex-align-items-flex-start fusion-flex-content-wrap\" style=\"max-width:1320.8px;margin-left: calc(-4% \/ 2 );margin-right: calc(-4% \/ 2 );\"><div class=\"fusion-layout-column fusion_builder_column fusion-builder-column-7 fusion_builder_column_1_1 1_1 fusion-flex-column\" style=\"--awb-bg-size:cover;--awb-width-large:100%;--awb-margin-top-large:0px;--awb-spacing-right-large:1.92%;--awb-margin-bottom-large:0px;--awb-spacing-left-large:1.92%;--awb-width-medium:100%;--awb-order-medium:0;--awb-spacing-right-medium:1.92%;--awb-spacing-left-medium:1.92%;--awb-width-small:100%;--awb-order-small:0;--awb-spacing-right-small:1.92%;--awb-spacing-left-small:1.92%;\"><div class=\"fusion-column-wrapper fusion-column-has-shadow fusion-flex-justify-content-flex-start fusion-content-layout-column\"><div class=\"fusion-image-carousel fusion-image-carousel-auto fusion-image-carousel-2 fusion-carousel-border\"><div class=\"awb-carousel awb-swiper awb-swiper-carousel\" data-autoplay=\"no\" data-columns=\"3\" data-itemmargin=\"13\" data-itemwidth=\"180\" data-touchscroll=\"no\" data-imagesize=\"auto\" style=\"--awb-columns:3;\"><div class=\"swiper-wrapper awb-image-carousel-wrapper fusion-flex-align-items-center\"><div class=\"swiper-slide\"><div class=\"fusion-carousel-item-wrapper\"><div class=\"fusion-image-wrapper hover-type-none\"><img decoding=\"async\" width=\"1280\" height=\"1707\" src=\"https:\/\/urlaub-an-der-stiefelspitze.com\/wp-content\/uploads\/2022\/01\/FObo4nd.jpg\" class=\"attachment-full size-full lazyload\" alt=\"\" srcset=\"data:image\/svg+xml,%3Csvg%20xmlns%3D%27http%3A%2F%2Fwww.w3.org%2F2000%2Fsvg%27%20width%3D%271280%27%20height%3D%271707%27%20viewBox%3D%270%200%201280%201707%27%3E%3Crect%20width%3D%271280%27%20height%3D%271707%27%20fill-opacity%3D%220%22%2F%3E%3C%2Fsvg%3E\" data-orig-src=\"https:\/\/urlaub-an-der-stiefelspitze.com\/wp-content\/uploads\/2022\/01\/FObo4nd.jpg\" data-srcset=\"https:\/\/urlaub-an-der-stiefelspitze.com\/wp-content\/uploads\/2022\/01\/FObo4nd-200x267.jpg 200w, https:\/\/urlaub-an-der-stiefelspitze.com\/wp-content\/uploads\/2022\/01\/FObo4nd-400x533.jpg 400w, https:\/\/urlaub-an-der-stiefelspitze.com\/wp-content\/uploads\/2022\/01\/FObo4nd-600x800.jpg 600w, https:\/\/urlaub-an-der-stiefelspitze.com\/wp-content\/uploads\/2022\/01\/FObo4nd-800x1067.jpg 800w, https:\/\/urlaub-an-der-stiefelspitze.com\/wp-content\/uploads\/2022\/01\/FObo4nd-1200x1600.jpg 1200w, https:\/\/urlaub-an-der-stiefelspitze.com\/wp-content\/uploads\/2022\/01\/FObo4nd.jpg 1280w\" data-sizes=\"auto\" \/><\/div><\/div><\/div><div class=\"swiper-slide\"><div class=\"fusion-carousel-item-wrapper\"><div class=\"fusion-image-wrapper hover-type-none\"><img decoding=\"async\" width=\"1280\" height=\"1707\" src=\"https:\/\/urlaub-an-der-stiefelspitze.com\/wp-content\/uploads\/2022\/01\/Zfg8Hh8.jpg\" class=\"attachment-full size-full lazyload\" alt=\"\" srcset=\"data:image\/svg+xml,%3Csvg%20xmlns%3D%27http%3A%2F%2Fwww.w3.org%2F2000%2Fsvg%27%20width%3D%271280%27%20height%3D%271707%27%20viewBox%3D%270%200%201280%201707%27%3E%3Crect%20width%3D%271280%27%20height%3D%271707%27%20fill-opacity%3D%220%22%2F%3E%3C%2Fsvg%3E\" data-orig-src=\"https:\/\/urlaub-an-der-stiefelspitze.com\/wp-content\/uploads\/2022\/01\/Zfg8Hh8.jpg\" data-srcset=\"https:\/\/urlaub-an-der-stiefelspitze.com\/wp-content\/uploads\/2022\/01\/Zfg8Hh8-200x267.jpg 200w, https:\/\/urlaub-an-der-stiefelspitze.com\/wp-content\/uploads\/2022\/01\/Zfg8Hh8-400x533.jpg 400w, https:\/\/urlaub-an-der-stiefelspitze.com\/wp-content\/uploads\/2022\/01\/Zfg8Hh8-600x800.jpg 600w, https:\/\/urlaub-an-der-stiefelspitze.com\/wp-content\/uploads\/2022\/01\/Zfg8Hh8-800x1067.jpg 800w, https:\/\/urlaub-an-der-stiefelspitze.com\/wp-content\/uploads\/2022\/01\/Zfg8Hh8-1200x1600.jpg 1200w, https:\/\/urlaub-an-der-stiefelspitze.com\/wp-content\/uploads\/2022\/01\/Zfg8Hh8.jpg 1280w\" data-sizes=\"auto\" \/><\/div><\/div><\/div><div class=\"swiper-slide\"><div class=\"fusion-carousel-item-wrapper\"><div class=\"fusion-image-wrapper hover-type-none\"><img decoding=\"async\" width=\"1280\" height=\"1707\" src=\"https:\/\/urlaub-an-der-stiefelspitze.com\/wp-content\/uploads\/2022\/01\/11aLv7Z.jpg\" class=\"attachment-full size-full lazyload\" alt=\"\" srcset=\"data:image\/svg+xml,%3Csvg%20xmlns%3D%27http%3A%2F%2Fwww.w3.org%2F2000%2Fsvg%27%20width%3D%271280%27%20height%3D%271707%27%20viewBox%3D%270%200%201280%201707%27%3E%3Crect%20width%3D%271280%27%20height%3D%271707%27%20fill-opacity%3D%220%22%2F%3E%3C%2Fsvg%3E\" data-orig-src=\"https:\/\/urlaub-an-der-stiefelspitze.com\/wp-content\/uploads\/2022\/01\/11aLv7Z.jpg\" data-srcset=\"https:\/\/urlaub-an-der-stiefelspitze.com\/wp-content\/uploads\/2022\/01\/11aLv7Z-200x267.jpg 200w, https:\/\/urlaub-an-der-stiefelspitze.com\/wp-content\/uploads\/2022\/01\/11aLv7Z-400x533.jpg 400w, https:\/\/urlaub-an-der-stiefelspitze.com\/wp-content\/uploads\/2022\/01\/11aLv7Z-600x800.jpg 600w, https:\/\/urlaub-an-der-stiefelspitze.com\/wp-content\/uploads\/2022\/01\/11aLv7Z-800x1067.jpg 800w, https:\/\/urlaub-an-der-stiefelspitze.com\/wp-content\/uploads\/2022\/01\/11aLv7Z-1200x1600.jpg 1200w, https:\/\/urlaub-an-der-stiefelspitze.com\/wp-content\/uploads\/2022\/01\/11aLv7Z.jpg 1280w\" data-sizes=\"auto\" \/><\/div><\/div><\/div><div class=\"swiper-slide\"><div class=\"fusion-carousel-item-wrapper\"><div class=\"fusion-image-wrapper hover-type-none\"><img decoding=\"async\" width=\"1280\" height=\"1707\" src=\"https:\/\/urlaub-an-der-stiefelspitze.com\/wp-content\/uploads\/2022\/01\/cYiaXir.jpg\" class=\"attachment-full size-full lazyload\" alt=\"\" srcset=\"data:image\/svg+xml,%3Csvg%20xmlns%3D%27http%3A%2F%2Fwww.w3.org%2F2000%2Fsvg%27%20width%3D%271280%27%20height%3D%271707%27%20viewBox%3D%270%200%201280%201707%27%3E%3Crect%20width%3D%271280%27%20height%3D%271707%27%20fill-opacity%3D%220%22%2F%3E%3C%2Fsvg%3E\" data-orig-src=\"https:\/\/urlaub-an-der-stiefelspitze.com\/wp-content\/uploads\/2022\/01\/cYiaXir.jpg\" data-srcset=\"https:\/\/urlaub-an-der-stiefelspitze.com\/wp-content\/uploads\/2022\/01\/cYiaXir-200x267.jpg 200w, https:\/\/urlaub-an-der-stiefelspitze.com\/wp-content\/uploads\/2022\/01\/cYiaXir-400x533.jpg 400w, https:\/\/urlaub-an-der-stiefelspitze.com\/wp-content\/uploads\/2022\/01\/cYiaXir-600x800.jpg 600w, https:\/\/urlaub-an-der-stiefelspitze.com\/wp-content\/uploads\/2022\/01\/cYiaXir-800x1067.jpg 800w, https:\/\/urlaub-an-der-stiefelspitze.com\/wp-content\/uploads\/2022\/01\/cYiaXir-1200x1600.jpg 1200w, https:\/\/urlaub-an-der-stiefelspitze.com\/wp-content\/uploads\/2022\/01\/cYiaXir.jpg 1280w\" data-sizes=\"auto\" \/><\/div><\/div><\/div><div class=\"swiper-slide\"><div class=\"fusion-carousel-item-wrapper\"><div class=\"fusion-image-wrapper hover-type-none\"><img decoding=\"async\" width=\"1280\" height=\"1707\" src=\"https:\/\/urlaub-an-der-stiefelspitze.com\/wp-content\/uploads\/2022\/01\/sas33Wb.jpg\" class=\"attachment-full size-full lazyload\" alt=\"\" srcset=\"data:image\/svg+xml,%3Csvg%20xmlns%3D%27http%3A%2F%2Fwww.w3.org%2F2000%2Fsvg%27%20width%3D%271280%27%20height%3D%271707%27%20viewBox%3D%270%200%201280%201707%27%3E%3Crect%20width%3D%271280%27%20height%3D%271707%27%20fill-opacity%3D%220%22%2F%3E%3C%2Fsvg%3E\" data-orig-src=\"https:\/\/urlaub-an-der-stiefelspitze.com\/wp-content\/uploads\/2022\/01\/sas33Wb.jpg\" data-srcset=\"https:\/\/urlaub-an-der-stiefelspitze.com\/wp-content\/uploads\/2022\/01\/sas33Wb-200x267.jpg 200w, https:\/\/urlaub-an-der-stiefelspitze.com\/wp-content\/uploads\/2022\/01\/sas33Wb-400x533.jpg 400w, https:\/\/urlaub-an-der-stiefelspitze.com\/wp-content\/uploads\/2022\/01\/sas33Wb-600x800.jpg 600w, https:\/\/urlaub-an-der-stiefelspitze.com\/wp-content\/uploads\/2022\/01\/sas33Wb-800x1067.jpg 800w, https:\/\/urlaub-an-der-stiefelspitze.com\/wp-content\/uploads\/2022\/01\/sas33Wb-1200x1600.jpg 1200w, https:\/\/urlaub-an-der-stiefelspitze.com\/wp-content\/uploads\/2022\/01\/sas33Wb.jpg 1280w\" data-sizes=\"auto\" \/><\/div><\/div><\/div><div class=\"swiper-slide\"><div class=\"fusion-carousel-item-wrapper\"><div class=\"fusion-image-wrapper hover-type-none\"><img decoding=\"async\" width=\"1280\" height=\"1707\" src=\"https:\/\/urlaub-an-der-stiefelspitze.com\/wp-content\/uploads\/2022\/01\/8hAjqvU.jpg\" class=\"attachment-full size-full lazyload\" alt=\"\" srcset=\"data:image\/svg+xml,%3Csvg%20xmlns%3D%27http%3A%2F%2Fwww.w3.org%2F2000%2Fsvg%27%20width%3D%271280%27%20height%3D%271707%27%20viewBox%3D%270%200%201280%201707%27%3E%3Crect%20width%3D%271280%27%20height%3D%271707%27%20fill-opacity%3D%220%22%2F%3E%3C%2Fsvg%3E\" data-orig-src=\"https:\/\/urlaub-an-der-stiefelspitze.com\/wp-content\/uploads\/2022\/01\/8hAjqvU.jpg\" data-srcset=\"https:\/\/urlaub-an-der-stiefelspitze.com\/wp-content\/uploads\/2022\/01\/8hAjqvU-200x267.jpg 200w, https:\/\/urlaub-an-der-stiefelspitze.com\/wp-content\/uploads\/2022\/01\/8hAjqvU-400x533.jpg 400w, https:\/\/urlaub-an-der-stiefelspitze.com\/wp-content\/uploads\/2022\/01\/8hAjqvU-600x800.jpg 600w, https:\/\/urlaub-an-der-stiefelspitze.com\/wp-content\/uploads\/2022\/01\/8hAjqvU-800x1067.jpg 800w, https:\/\/urlaub-an-der-stiefelspitze.com\/wp-content\/uploads\/2022\/01\/8hAjqvU-1200x1600.jpg 1200w, https:\/\/urlaub-an-der-stiefelspitze.com\/wp-content\/uploads\/2022\/01\/8hAjqvU.jpg 1280w\" data-sizes=\"auto\" \/><\/div><\/div><\/div><\/div><div class=\"awb-swiper-button awb-swiper-button-prev\"><i class=\"awb-icon-angle-left\" aria-hidden=\"true\"><\/i><\/div><div class=\"awb-swiper-button awb-swiper-button-next\"><i class=\"awb-icon-angle-right\" aria-hidden=\"true\"><\/i><\/div><\/div><\/div><\/div><\/div><\/div><\/div><div class=\"fusion-fullwidth fullwidth-box fusion-builder-row-7 fusion-flex-container nonhundred-percent-fullwidth non-hundred-percent-height-scrolling\" style=\"--awb-border-radius-top-left:0px;--awb-border-radius-top-right:0px;--awb-border-radius-bottom-right:0px;--awb-border-radius-bottom-left:0px;--awb-padding-top:0%;--awb-padding-right:10%;--awb-padding-bottom:0%;--awb-padding-left:10%;--awb-flex-wrap:wrap;\" ><div class=\"fusion-builder-row fusion-row fusion-flex-align-items-flex-start fusion-flex-content-wrap\" style=\"max-width:1320.8px;margin-left: calc(-4% \/ 2 );margin-right: calc(-4% \/ 2 );\"><div class=\"fusion-layout-column fusion_builder_column fusion-builder-column-8 fusion_builder_column_1_1 1_1 fusion-flex-column\" style=\"--awb-bg-size:cover;--awb-width-large:100%;--awb-margin-top-large:0px;--awb-spacing-right-large:1.92%;--awb-margin-bottom-large:0px;--awb-spacing-left-large:1.92%;--awb-width-medium:100%;--awb-order-medium:0;--awb-spacing-right-medium:1.92%;--awb-spacing-left-medium:1.92%;--awb-width-small:100%;--awb-order-small:0;--awb-spacing-right-small:1.92%;--awb-spacing-left-small:1.92%;\"><div class=\"fusion-column-wrapper fusion-column-has-shadow fusion-flex-justify-content-flex-start fusion-content-layout-column\"><div class=\"fusion-title title fusion-title-4 fusion-sep-none fusion-title-text fusion-title-size-two\" style=\"--awb-margin-bottom:40px;--awb-font-size:31px;\"><h2 class=\"fusion-title-heading title-heading-left fusion-responsive-typography-calculated\" style=\"margin:0;font-size:1em;--fontSize:31;line-height:1.26;\">Discover! Arberia Crotonese!<\/h2><\/div><div class=\"fusion-text fusion-text-4\"><p>Da qui proseguo nell&#8217;entroterra, che sembra ben fortificato una volta lontana dalla costa. <br \/><span style=\"background-color: rgba(255, 255, 255, 0); color: var(--body_typography-color); font-family: var(--body_typography-font-family); font-size: var(--body_typography-font-size); font-style: var(--body_typography-font-style,normal); letter-spacing: var(--body_typography-letter-spacing);\"><b>Che paesaggio!<\/b><\/span><span style=\"background-color: rgba(255, 255, 255, 0); color: var(--body_typography-color); font-family: var(--body_typography-font-family); font-size: var(--body_typography-font-size); font-style: var(--body_typography-font-style,normal); font-weight: var(--body_typography-font-weight); letter-spacing: var(--body_typography-letter-spacing);\"> Questo \u00e8 il luogo in cui potrai davvero rilassarti, uscire dalla ristrettezza della tua citt\u00e0 e lasciare che la vastit\u00e0 della vista ti apra gli occhi <\/span><span style=\"background-color: rgba(255, 255, 255, 0); color: var(--body_typography-color); font-family: var(--body_typography-font-family); font-size: var(--body_typography-font-size); font-style: var(--body_typography-font-style,normal); font-weight: var(--body_typography-font-weight); letter-spacing: var(--body_typography-letter-spacing);\">sull&#8217;essenziale.<\/span><\/p>\n<p>Io non sono una grande fan dei lunghi resoconti di viaggio, quindi ho fatto una breve panoramica di ci\u00f2 che \u00e8 possibile vedere e delle esperienze che si <span style=\"background-color: rgba(255, 255, 255, 0); color: var(--body_typography-color); font-family: var(--body_typography-font-family); font-size: var(--body_typography-font-size); font-style: var(--body_typography-font-style,normal); font-weight: var(--body_typography-font-weight); letter-spacing: var(--body_typography-letter-spacing);\">possono vivere nell\u2019area dell\u2019Arberia crotonese. <\/span><span style=\"background-color: rgba(255, 255, 255, 0); color: var(--body_typography-color); font-family: var(--body_typography-font-family); font-size: var(--body_typography-font-size); font-style: var(--body_typography-font-style,normal); letter-spacing: var(--body_typography-letter-spacing);\"><b>Grazie mille a questo punto al team di <a href=\"https:\/\/instaruga.it\/\" style=\"\">Instaruga<\/a><\/b><span style=\"font-weight: var(--body_typography-font-weight);\">, che ha organizzato per me un tour di 3 giorni intensi <\/span><\/span><span style=\"background-color: rgba(255, 255, 255, 0); color: var(--body_typography-color); font-family: var(--body_typography-font-family); font-size: var(--body_typography-font-size); font-style: var(--body_typography-font-style,normal); font-weight: var(--body_typography-font-weight); letter-spacing: var(--body_typography-letter-spacing);\">nell\u2019area. Una cosa va infine detta: la zona qui offre cos\u00ec tanto che si pu\u00f2 trascorrere una vacanza completa senza annoiarsi mai, <\/span><b><span style=\"background-color: rgba(255, 255, 255, 0); color: var(--body_typography-color); font-family: var(--body_typography-font-family); font-size: var(--body_typography-font-size); font-style: var(--body_typography-font-style,normal); letter-spacing: var(--body_typography-letter-spacing);\">infatti ci devo tornare <\/span><span style=\"background-color: rgba(255, 255, 255, 0); color: var(--body_typography-color); font-family: var(--body_typography-font-family); font-size: var(--body_typography-font-size); font-style: var(--body_typography-font-style,normal); letter-spacing: var(--body_typography-letter-spacing);\">presto!<\/span><\/b><\/p>\n<p><b>Zinga &#8211; Diapiri salini<\/b><\/p>\n<p>Uno spettacolo naturale travolgente, geologicamente e storicamente molto interessante, anche per i profani come me, e il tutto immerso in un <span style=\"background-color: rgba(255, 255, 255, 0); color: var(--body_typography-color); font-family: var(--body_typography-font-family); font-size: var(--body_typography-font-size); font-style: var(--body_typography-font-style,normal); font-weight: var(--body_typography-font-weight); letter-spacing: var(--body_typography-letter-spacing);\">paesaggio da sogno.<\/span><\/p>\n<p>In Europa solo qui si trovano i diapiri di sale (salgemma), rocce di sale la cui origine va indietro alla crisi di salinit\u00e0 del Messiniano (circa 6 milioni di anni <span style=\"background-color: rgba(255, 255, 255, 0); color: var(--body_typography-color); font-family: var(--body_typography-font-family); font-size: var(--body_typography-font-size); font-style: var(--body_typography-font-style,normal); font-weight: var(--body_typography-font-weight); letter-spacing: var(--body_typography-letter-spacing);\">fa). Un tour in questa meraviglia \u00e8 organizzato da <\/span><span style=\"background-color: rgba(255, 255, 255, 0); color: var(--body_typography-color); font-family: var(--body_typography-font-family); font-size: var(--body_typography-font-size); font-style: var(--body_typography-font-style,normal); letter-spacing: var(--body_typography-letter-spacing);\"><b>Italia Nostra \u2013 Casabona e Valle del Neto<\/b><\/span><span style=\"background-color: rgba(255, 255, 255, 0); color: var(--body_typography-color); font-family: var(--body_typography-font-family); font-size: var(--body_typography-font-size); font-style: var(--body_typography-font-style,normal); font-weight: var(--body_typography-font-weight); letter-spacing: var(--body_typography-letter-spacing);\">, in cui geologi e gente del posto ti guidano passo per passo. <\/span><span style=\"background-color: rgba(255, 255, 255, 0); color: var(--body_typography-color); font-family: var(--body_typography-font-family); font-size: var(--body_typography-font-size); font-style: var(--body_typography-font-style,normal); font-weight: var(--body_typography-font-weight); letter-spacing: var(--body_typography-letter-spacing);\">Un ringraziamento speciale va a <\/span><b style=\"background-color: rgba(255, 255, 255, 0); color: var(--body_typography-color); font-family: var(--body_typography-font-family); font-size: var(--body_typography-font-size); font-style: var(--body_typography-font-style,normal); letter-spacing: var(--body_typography-letter-spacing);\">Mario Cimierie Pasquale Aprigliano<\/b><span style=\"background-color: rgba(255, 255, 255, 0); color: var(--body_typography-color); font-family: var(--body_typography-font-family); font-size: var(--body_typography-font-size); font-style: var(--body_typography-font-style,normal); font-weight: var(--body_typography-font-weight); letter-spacing: var(--body_typography-letter-spacing);\">, per il loro emozionante tour attraverso quest\u2019affascinante area. <\/span><b style=\"color: var(--body_typography-color); font-family: var(--body_typography-font-family); font-size: var(--body_typography-font-size); font-style: var(--body_typography-font-style,normal); letter-spacing: var(--body_typography-letter-spacing); background-color: rgba(255, 255, 255, 0);\">Vuoi sapere di pi\u00f9?<\/b><span style=\"color: var(--body_typography-color); font-family: var(--body_typography-font-family); font-size: var(--body_typography-font-size); font-style: var(--body_typography-font-style,normal); font-weight: var(--body_typography-font-weight); letter-spacing: var(--body_typography-letter-spacing); background-color: rgba(255, 255, 255, 0);\"> <a href=\"http:\/\/www.meteopresila.it\/tag\/diapiro\/\" target=\"_blank\" rel=\"noopener noreferrer\">Meteopresila &#8211; Diapiro<\/a><\/span><\/p>\n<p>Instaruga ha subito notato che io adoro le viste panoramiche. <br \/><span style=\"background-color: rgba(255, 255, 255, 0); color: var(--body_typography-color); font-family: var(--body_typography-font-family); font-size: var(--body_typography-font-size); font-style: var(--body_typography-font-style,normal); font-weight: var(--body_typography-font-weight); letter-spacing: var(--body_typography-letter-spacing);\">Infatti dalla passeggiata ai diapiri siamo saliti al Santuario di San Francesco da Paola: un luogo spettacolare. Qui ci aspettava un tramonto panoramico e <\/span><span style=\"background-color: rgba(255, 255, 255, 0); color: var(--body_typography-color); font-family: var(--body_typography-font-family); font-size: var(--body_typography-font-size); font-style: var(--body_typography-font-style,normal); font-weight: var(--body_typography-font-weight); letter-spacing: var(--body_typography-letter-spacing);\">un aperitivo con prodotti locali organizzato sempre da <a href=\"https:\/\/www.facebook.com\/italianostra.org\/photos\/?ref=page_internal\">Italia Nostra<\/a>, che ringrazio per la fantastica accoglienza.<\/span><\/p>\n<\/div><\/div><\/div><\/div><\/div><div class=\"fusion-fullwidth fullwidth-box fusion-builder-row-8 fusion-flex-container nonhundred-percent-fullwidth non-hundred-percent-height-scrolling\" style=\"--awb-border-radius-top-left:0px;--awb-border-radius-top-right:0px;--awb-border-radius-bottom-right:0px;--awb-border-radius-bottom-left:0px;--awb-padding-top:0%;--awb-padding-right:10%;--awb-padding-bottom:0%;--awb-padding-left:10%;--awb-flex-wrap:wrap;\" ><div class=\"fusion-builder-row fusion-row fusion-flex-align-items-flex-start fusion-flex-content-wrap\" style=\"max-width:1320.8px;margin-left: calc(-4% \/ 2 );margin-right: calc(-4% \/ 2 );\"><div class=\"fusion-layout-column fusion_builder_column fusion-builder-column-9 fusion_builder_column_1_1 1_1 fusion-flex-column\" style=\"--awb-bg-size:cover;--awb-width-large:100%;--awb-margin-top-large:0px;--awb-spacing-right-large:1.92%;--awb-margin-bottom-large:0px;--awb-spacing-left-large:1.92%;--awb-width-medium:100%;--awb-order-medium:0;--awb-spacing-right-medium:1.92%;--awb-spacing-left-medium:1.92%;--awb-width-small:100%;--awb-order-small:0;--awb-spacing-right-small:1.92%;--awb-spacing-left-small:1.92%;\"><div class=\"fusion-column-wrapper fusion-column-has-shadow fusion-flex-justify-content-flex-start fusion-content-layout-column\"><div class=\"fusion-image-element \" style=\"--awb-caption-title-font-family:var(--h2_typography-font-family);--awb-caption-title-font-weight:var(--h2_typography-font-weight);--awb-caption-title-font-style:var(--h2_typography-font-style);--awb-caption-title-size:var(--h2_typography-font-size);--awb-caption-title-transform:var(--h2_typography-text-transform);--awb-caption-title-line-height:var(--h2_typography-line-height);--awb-caption-title-letter-spacing:var(--h2_typography-letter-spacing);\"><span class=\" fusion-imageframe imageframe-none imageframe-4 hover-type-none\"><img decoding=\"async\" width=\"1280\" height=\"720\" title=\"RIJSI04 (1)\" src=\"https:\/\/urlaub-an-der-stiefelspitze.com\/wp-content\/uploads\/2022\/01\/RIJSI04-1.jpg\" data-orig-src=\"https:\/\/urlaub-an-der-stiefelspitze.com\/wp-content\/uploads\/2022\/01\/RIJSI04-1.jpg\" alt class=\"lazyload img-responsive wp-image-3329\" srcset=\"data:image\/svg+xml,%3Csvg%20xmlns%3D%27http%3A%2F%2Fwww.w3.org%2F2000%2Fsvg%27%20width%3D%271280%27%20height%3D%27720%27%20viewBox%3D%270%200%201280%20720%27%3E%3Crect%20width%3D%271280%27%20height%3D%27720%27%20fill-opacity%3D%220%22%2F%3E%3C%2Fsvg%3E\" data-srcset=\"https:\/\/urlaub-an-der-stiefelspitze.com\/wp-content\/uploads\/2022\/01\/RIJSI04-1-200x113.jpg 200w, https:\/\/urlaub-an-der-stiefelspitze.com\/wp-content\/uploads\/2022\/01\/RIJSI04-1-400x225.jpg 400w, https:\/\/urlaub-an-der-stiefelspitze.com\/wp-content\/uploads\/2022\/01\/RIJSI04-1-600x338.jpg 600w, https:\/\/urlaub-an-der-stiefelspitze.com\/wp-content\/uploads\/2022\/01\/RIJSI04-1-800x450.jpg 800w, https:\/\/urlaub-an-der-stiefelspitze.com\/wp-content\/uploads\/2022\/01\/RIJSI04-1-1200x675.jpg 1200w, https:\/\/urlaub-an-der-stiefelspitze.com\/wp-content\/uploads\/2022\/01\/RIJSI04-1.jpg 1280w\" data-sizes=\"auto\" data-orig-sizes=\"(max-width: 1024px) 100vw, (max-width: 640px) 100vw, 1280px\" \/><\/span><\/div><div class=\"fusion-separator fusion-full-width-sep\" style=\"align-self: center;margin-left: auto;margin-right: auto;flex-grow:10;margin-top:20px;margin-bottom:20px;width:100%;\"><\/div><div class=\"fusion-title title fusion-title-5 fusion-sep-none fusion-title-text fusion-title-size-two\" style=\"--awb-margin-bottom:40px;--awb-font-size:31px;\"><h2 class=\"fusion-title-heading title-heading-left fusion-responsive-typography-calculated\" style=\"margin:0;font-size:1em;--fontSize:31;line-height:1.26;\">Pallagorio &#8211; Muz\u00e9<\/h2><\/div><div class=\"fusion-text fusion-text-5\"><p>Da Zinga a <b>Pallagorio<\/b>, il paese di <b>Ettore Bonanno, Francesca Liuzzo e Luana Leo<\/b> di Instaruga.<br \/><span style=\"background-color: rgba(255, 255, 255, 0); color: var(--body_typography-color); font-family: var(--body_typography-font-family); font-size: var(--body_typography-font-size); font-style: var(--body_typography-font-style,normal); font-weight: var(--body_typography-font-weight); letter-spacing: var(--body_typography-letter-spacing);\">Dentro Instaruga ci sono anche Fabio Spadafora, fidanzato della sorella di Ettore che \u00e8 cosentino e Ursula Basta di Carfizzi della quale vi racconter\u00f2 in <\/span><span style=\"color: var(--body_typography-color); font-family: var(--body_typography-font-family); font-size: var(--body_typography-font-size); font-style: var(--body_typography-font-style,normal); font-weight: var(--body_typography-font-weight); letter-spacing: var(--body_typography-letter-spacing); background-color: rgba(255, 255, 255, 0);\">seguito.<\/span><\/p>\n<p><b>Pallagorio<\/b> \u2013 uno dei 3 paesi arb\u00ebresh della provincia di Crotone \u2013 \u00e8 una piccola realt\u00e0 che mi \u00e8 piaciuta da subito, a pelle. Da quando mi sono immersa <span style=\"background-color: rgba(255, 255, 255, 0); color: var(--body_typography-color); font-family: var(--body_typography-font-family); font-size: var(--body_typography-font-size); font-style: var(--body_typography-font-style,normal); font-weight: var(--body_typography-font-weight); letter-spacing: var(--body_typography-letter-spacing);\">nella vista mozzafiato si pu\u00f2 godere dalla piazza della chiesa principale.<br \/><\/span><span style=\"background-color: rgba(255, 255, 255, 0); color: var(--body_typography-color); font-family: var(--body_typography-font-family); font-size: var(--body_typography-font-size); font-style: var(--body_typography-font-style,normal); font-weight: var(--body_typography-font-weight); letter-spacing: var(--body_typography-letter-spacing);\">La piattaforma di Instaruga offre anche un\u2019ospitalit\u00e0 diffusa nel borgo. Io, ad esempio, ho dormito a casa della simpaticissima signora Marietta. <\/span><span style=\"background-color: rgba(255, 255, 255, 0); color: var(--body_typography-color); font-family: var(--body_typography-font-family); font-size: var(--body_typography-font-size); font-style: var(--body_typography-font-style,normal); font-weight: var(--body_typography-font-weight); letter-spacing: var(--body_typography-letter-spacing);\">Questi piccoli paesi sono il punto di partenza ideale per esplorare questa regione, per immergersi completamente nell&#8217;atmosfera dell\u2019entroterra. A chi <\/span><span style=\"background-color: rgba(255, 255, 255, 0); color: var(--body_typography-color); font-family: var(--body_typography-font-family); font-size: var(--body_typography-font-size); font-style: var(--body_typography-font-style,normal); font-weight: var(--body_typography-font-weight); letter-spacing: var(--body_typography-letter-spacing);\">cerca invece un soggiorno pi\u00f9 lussuoso, posso suggerire dei posti bellissimi con piscina e ristorante stellata Michelin.<\/span><\/p>\n<p><b>Cosa vi avevo detto? La Calabria ha tutto!<\/b><\/p>\n<p>Ad agosto a Pallagorio ha aperto <b>Muz\u00e9<\/b>, uno spazio che nasce per divulgare, raccontare, tutelare e promuovere il patrimonio culturale arb\u00ebresh. <span style=\"background-color: rgba(255, 255, 255, 0); color: var(--body_typography-color); font-family: var(--body_typography-font-family); font-size: var(--body_typography-font-size); font-style: var(--body_typography-font-style,normal); font-weight: var(--body_typography-font-weight); letter-spacing: var(--body_typography-letter-spacing);\">Fili Meridiani ne cura progetto e direzione artistica. La volont\u00e0 \u00e8 quella di unire le tre comunit\u00e0 arb\u00ebreshe in provincia di Crotone in una comune <\/span><span style=\"color: var(--body_typography-color); font-family: var(--body_typography-font-family); font-size: var(--body_typography-font-size); font-style: var(--body_typography-font-style,normal); font-weight: var(--body_typography-font-weight); letter-spacing: var(--body_typography-letter-spacing); background-color: rgba(255, 255, 255, 0);\">promozione culturale e territoriale.<\/span><\/p>\n<p>Spazio non solo espositivo, ma principalmente luogo di incontro e di scambio, punto di contatto con l\u2019Arberia fuori e dentro la regione. <b>Un progetto che <\/b><b style=\"background-color: rgba(255, 255, 255, 0); color: var(--body_typography-color); font-family: var(--body_typography-font-family); font-size: var(--body_typography-font-size); font-style: var(--body_typography-font-style,normal); letter-spacing: var(--body_typography-letter-spacing);\">guarda lontano e che parla a tutti: artisti, scrittori, operatori culturali, associazioni, enti, scuole, professionisti.<\/b><\/p>\n<\/div><\/div><\/div><\/div><\/div><div class=\"fusion-fullwidth fullwidth-box fusion-builder-row-9 fusion-flex-container nonhundred-percent-fullwidth non-hundred-percent-height-scrolling\" style=\"--awb-border-radius-top-left:0px;--awb-border-radius-top-right:0px;--awb-border-radius-bottom-right:0px;--awb-border-radius-bottom-left:0px;--awb-padding-top:0%;--awb-padding-right:10%;--awb-padding-bottom:0%;--awb-padding-left:10%;--awb-margin-top:0px;--awb-flex-wrap:wrap;\" ><div class=\"fusion-builder-row fusion-row fusion-flex-align-items-flex-start fusion-flex-content-wrap\" style=\"max-width:1320.8px;margin-left: calc(-4% \/ 2 );margin-right: calc(-4% \/ 2 );\"><div class=\"fusion-layout-column fusion_builder_column fusion-builder-column-10 fusion_builder_column_1_3 1_3 fusion-flex-column\" style=\"--awb-bg-size:cover;--awb-width-large:33.3333333333%;--awb-margin-top-large:25px;--awb-spacing-right-large:5.76%;--awb-margin-bottom-large:25px;--awb-spacing-left-large:5.76%;--awb-width-medium:100%;--awb-order-medium:0;--awb-spacing-right-medium:1.92%;--awb-spacing-left-medium:1.92%;--awb-width-small:100%;--awb-order-small:0;--awb-spacing-right-small:1.92%;--awb-spacing-left-small:1.92%;\"><div class=\"fusion-column-wrapper fusion-column-has-shadow fusion-flex-justify-content-flex-start fusion-content-layout-column\"><div class=\"fusion-image-element \" style=\"--awb-caption-title-font-family:var(--h2_typography-font-family);--awb-caption-title-font-weight:var(--h2_typography-font-weight);--awb-caption-title-font-style:var(--h2_typography-font-style);--awb-caption-title-size:var(--h2_typography-font-size);--awb-caption-title-transform:var(--h2_typography-text-transform);--awb-caption-title-line-height:var(--h2_typography-line-height);--awb-caption-title-letter-spacing:var(--h2_typography-letter-spacing);\"><span class=\" fusion-imageframe imageframe-none imageframe-5 hover-type-none\"><img decoding=\"async\" width=\"1197\" height=\"1596\" alt=\"muze\" title=\"muze\" src=\"https:\/\/urlaub-an-der-stiefelspitze.com\/wp-content\/uploads\/2022\/01\/muze.jpg\" data-orig-src=\"https:\/\/urlaub-an-der-stiefelspitze.com\/wp-content\/uploads\/2022\/01\/muze.jpg\" class=\"lazyload img-responsive wp-image-3320\" srcset=\"data:image\/svg+xml,%3Csvg%20xmlns%3D%27http%3A%2F%2Fwww.w3.org%2F2000%2Fsvg%27%20width%3D%271197%27%20height%3D%271596%27%20viewBox%3D%270%200%201197%201596%27%3E%3Crect%20width%3D%271197%27%20height%3D%271596%27%20fill-opacity%3D%220%22%2F%3E%3C%2Fsvg%3E\" data-srcset=\"https:\/\/urlaub-an-der-stiefelspitze.com\/wp-content\/uploads\/2022\/01\/muze-200x267.jpg 200w, https:\/\/urlaub-an-der-stiefelspitze.com\/wp-content\/uploads\/2022\/01\/muze-400x533.jpg 400w, https:\/\/urlaub-an-der-stiefelspitze.com\/wp-content\/uploads\/2022\/01\/muze-600x800.jpg 600w, https:\/\/urlaub-an-der-stiefelspitze.com\/wp-content\/uploads\/2022\/01\/muze-800x1067.jpg 800w, https:\/\/urlaub-an-der-stiefelspitze.com\/wp-content\/uploads\/2022\/01\/muze.jpg 1197w\" data-sizes=\"auto\" data-orig-sizes=\"(max-width: 1024px) 100vw, (max-width: 640px) 100vw, 400px\" \/><\/span><\/div><\/div><\/div><div class=\"fusion-layout-column fusion_builder_column fusion-builder-column-11 fusion_builder_column_1_3 1_3 fusion-flex-column\" style=\"--awb-bg-size:cover;--awb-width-large:33.3333333333%;--awb-margin-top-large:25px;--awb-spacing-right-large:5.76%;--awb-margin-bottom-large:25px;--awb-spacing-left-large:5.76%;--awb-width-medium:100%;--awb-order-medium:0;--awb-spacing-right-medium:1.92%;--awb-spacing-left-medium:1.92%;--awb-width-small:100%;--awb-order-small:0;--awb-spacing-right-small:1.92%;--awb-spacing-left-small:1.92%;\"><div class=\"fusion-column-wrapper fusion-column-has-shadow fusion-flex-justify-content-flex-start fusion-content-layout-column\"><div class=\"fusion-image-element \" style=\"--awb-caption-title-font-family:var(--h2_typography-font-family);--awb-caption-title-font-weight:var(--h2_typography-font-weight);--awb-caption-title-font-style:var(--h2_typography-font-style);--awb-caption-title-size:var(--h2_typography-font-size);--awb-caption-title-transform:var(--h2_typography-text-transform);--awb-caption-title-line-height:var(--h2_typography-line-height);--awb-caption-title-letter-spacing:var(--h2_typography-letter-spacing);\"><span class=\" fusion-imageframe imageframe-none imageframe-6 hover-type-none\"><img decoding=\"async\" width=\"1197\" height=\"1596\" title=\"oQqRpYY\" src=\"https:\/\/urlaub-an-der-stiefelspitze.com\/wp-content\/uploads\/2022\/01\/oQqRpYY.jpg\" data-orig-src=\"https:\/\/urlaub-an-der-stiefelspitze.com\/wp-content\/uploads\/2022\/01\/oQqRpYY.jpg\" alt class=\"lazyload img-responsive wp-image-3321\" srcset=\"data:image\/svg+xml,%3Csvg%20xmlns%3D%27http%3A%2F%2Fwww.w3.org%2F2000%2Fsvg%27%20width%3D%271197%27%20height%3D%271596%27%20viewBox%3D%270%200%201197%201596%27%3E%3Crect%20width%3D%271197%27%20height%3D%271596%27%20fill-opacity%3D%220%22%2F%3E%3C%2Fsvg%3E\" data-srcset=\"https:\/\/urlaub-an-der-stiefelspitze.com\/wp-content\/uploads\/2022\/01\/oQqRpYY-200x267.jpg 200w, https:\/\/urlaub-an-der-stiefelspitze.com\/wp-content\/uploads\/2022\/01\/oQqRpYY-400x533.jpg 400w, https:\/\/urlaub-an-der-stiefelspitze.com\/wp-content\/uploads\/2022\/01\/oQqRpYY-600x800.jpg 600w, https:\/\/urlaub-an-der-stiefelspitze.com\/wp-content\/uploads\/2022\/01\/oQqRpYY-800x1067.jpg 800w, https:\/\/urlaub-an-der-stiefelspitze.com\/wp-content\/uploads\/2022\/01\/oQqRpYY.jpg 1197w\" data-sizes=\"auto\" data-orig-sizes=\"(max-width: 1024px) 100vw, (max-width: 640px) 100vw, 400px\" \/><\/span><\/div><\/div><\/div><div class=\"fusion-layout-column fusion_builder_column fusion-builder-column-12 fusion_builder_column_1_3 1_3 fusion-flex-column\" style=\"--awb-bg-size:cover;--awb-width-large:33.3333333333%;--awb-margin-top-large:25px;--awb-spacing-right-large:5.76%;--awb-margin-bottom-large:25px;--awb-spacing-left-large:5.76%;--awb-width-medium:100%;--awb-order-medium:0;--awb-spacing-right-medium:1.92%;--awb-spacing-left-medium:1.92%;--awb-width-small:100%;--awb-order-small:0;--awb-spacing-right-small:1.92%;--awb-spacing-left-small:1.92%;\"><div class=\"fusion-column-wrapper fusion-column-has-shadow fusion-flex-justify-content-flex-start fusion-content-layout-column\"><div class=\"fusion-image-element \" style=\"--awb-caption-title-font-family:var(--h2_typography-font-family);--awb-caption-title-font-weight:var(--h2_typography-font-weight);--awb-caption-title-font-style:var(--h2_typography-font-style);--awb-caption-title-size:var(--h2_typography-font-size);--awb-caption-title-transform:var(--h2_typography-text-transform);--awb-caption-title-line-height:var(--h2_typography-line-height);--awb-caption-title-letter-spacing:var(--h2_typography-letter-spacing);\"><span class=\" fusion-imageframe imageframe-none imageframe-7 hover-type-none\"><img decoding=\"async\" width=\"1280\" height=\"1707\" title=\"s9TG6e4\" src=\"https:\/\/urlaub-an-der-stiefelspitze.com\/wp-content\/uploads\/2022\/01\/s9TG6e4.jpg\" data-orig-src=\"https:\/\/urlaub-an-der-stiefelspitze.com\/wp-content\/uploads\/2022\/01\/s9TG6e4.jpg\" alt class=\"lazyload img-responsive wp-image-3322\" srcset=\"data:image\/svg+xml,%3Csvg%20xmlns%3D%27http%3A%2F%2Fwww.w3.org%2F2000%2Fsvg%27%20width%3D%271280%27%20height%3D%271707%27%20viewBox%3D%270%200%201280%201707%27%3E%3Crect%20width%3D%271280%27%20height%3D%271707%27%20fill-opacity%3D%220%22%2F%3E%3C%2Fsvg%3E\" data-srcset=\"https:\/\/urlaub-an-der-stiefelspitze.com\/wp-content\/uploads\/2022\/01\/s9TG6e4-200x267.jpg 200w, https:\/\/urlaub-an-der-stiefelspitze.com\/wp-content\/uploads\/2022\/01\/s9TG6e4-400x533.jpg 400w, https:\/\/urlaub-an-der-stiefelspitze.com\/wp-content\/uploads\/2022\/01\/s9TG6e4-600x800.jpg 600w, https:\/\/urlaub-an-der-stiefelspitze.com\/wp-content\/uploads\/2022\/01\/s9TG6e4-800x1067.jpg 800w, https:\/\/urlaub-an-der-stiefelspitze.com\/wp-content\/uploads\/2022\/01\/s9TG6e4-1200x1600.jpg 1200w, https:\/\/urlaub-an-der-stiefelspitze.com\/wp-content\/uploads\/2022\/01\/s9TG6e4.jpg 1280w\" data-sizes=\"auto\" data-orig-sizes=\"(max-width: 1024px) 100vw, (max-width: 640px) 100vw, 400px\" \/><\/span><\/div><\/div><\/div><\/div><\/div><div class=\"fusion-fullwidth fullwidth-box fusion-builder-row-10 fusion-flex-container nonhundred-percent-fullwidth non-hundred-percent-height-scrolling\" style=\"--awb-border-radius-top-left:0px;--awb-border-radius-top-right:0px;--awb-border-radius-bottom-right:0px;--awb-border-radius-bottom-left:0px;--awb-padding-top:0%;--awb-padding-right:10%;--awb-padding-bottom:0%;--awb-padding-left:10%;--awb-flex-wrap:wrap;\" ><div class=\"fusion-builder-row fusion-row fusion-flex-align-items-flex-start fusion-flex-content-wrap\" style=\"max-width:1320.8px;margin-left: calc(-4% \/ 2 );margin-right: calc(-4% \/ 2 );\"><div class=\"fusion-layout-column fusion_builder_column fusion-builder-column-13 fusion_builder_column_1_1 1_1 fusion-flex-column\" style=\"--awb-bg-size:cover;--awb-width-large:100%;--awb-margin-top-large:0px;--awb-spacing-right-large:1.92%;--awb-margin-bottom-large:0px;--awb-spacing-left-large:1.92%;--awb-width-medium:100%;--awb-order-medium:0;--awb-spacing-right-medium:1.92%;--awb-spacing-left-medium:1.92%;--awb-width-small:100%;--awb-order-small:0;--awb-spacing-right-small:1.92%;--awb-spacing-left-small:1.92%;\"><div class=\"fusion-column-wrapper fusion-column-has-shadow fusion-flex-justify-content-flex-start fusion-content-layout-column\"><div class=\"fusion-title title fusion-title-6 fusion-sep-none fusion-title-text fusion-title-size-two\" style=\"--awb-margin-bottom:40px;--awb-font-size:31px;\"><h2 class=\"fusion-title-heading title-heading-left fusion-responsive-typography-calculated\" style=\"margin:0;font-size:1em;--fontSize:31;line-height:1.26;\">Verzino Adventures &#8211; River Trekking and other adventures<\/h2><\/div><div class=\"fusion-text fusion-text-6\"><p><b>Verzino &#8211; Verzino Adventures &#8211; Appartamenti rupestri a Verzino &#8211; Escursioni in grotta &#8211; Acqua trekking &#8211; Nuoto in splendidi bacini fluviali &#8211; Barbecue.<\/b><\/p>\n<p>Vale la pena alzarsi presto per partire alla volta di Verzino: perch\u00e9 qui le grotte del sito rupestre sotto il centro storico del paese antico sono ancora <span style=\"background-color: rgba(255, 255, 255, 0); color: var(--body_typography-color); font-family: var(--body_typography-font-family); font-size: var(--body_typography-font-size); font-style: var(--body_typography-font-style,normal); font-weight: var(--body_typography-font-weight); letter-spacing: var(--body_typography-letter-spacing);\">all&#8217;ombra.<\/span><\/p>\n<p>C\u2019\u00e8 un fresco piacevole che si fa amare, soprattutto in una giornata di luglio!<br \/><span style=\"background-color: rgba(255, 255, 255, 0); color: var(--body_typography-color); font-family: var(--body_typography-font-family); font-size: var(--body_typography-font-size); font-style: var(--body_typography-font-style,normal); font-weight: var(--body_typography-font-weight); letter-spacing: var(--body_typography-letter-spacing);\">Qui se ci si sofferma a lungo \u00e8 facile immaginare queste grotte abitate, facendosi aiutare dai racconti degli ultimi testimoni che qui hanno passato la loro <\/span><span style=\"background-color: rgba(255, 255, 255, 0); color: var(--body_typography-color); font-family: var(--body_typography-font-family); font-size: var(--body_typography-font-size); font-style: var(--body_typography-font-style,normal); font-weight: var(--body_typography-font-weight); letter-spacing: var(--body_typography-letter-spacing);\">infanzia e che vivono ancora a Verzino.<\/span><\/p>\n<p><b>Il sito rupestre ha una storia millenaria. <\/b>Da qui sono passati i primi abitanti del luogo: i monaci basiliani provenienti dall\u2019Oriente, tutta la cultura <span style=\"background-color: rgba(255, 255, 255, 0); color: var(--body_typography-color); font-family: var(--body_typography-font-family); font-size: var(--body_typography-font-size); font-style: var(--body_typography-font-style,normal); font-weight: var(--body_typography-font-weight); letter-spacing: var(--body_typography-letter-spacing);\">materiale di epoca medievale e nell\u2019ultimo secolo, i ricoveri di persone, animali e mezzi. Un luogo intriso di storia e ancora molto mistero.<\/span><\/p>\n<p>Un grazie infinito va a grazie a <b>Domenico Grande, Antonio Biafora e Angelo Maiorano <\/b>per questa giornata incredibile e piena di cose interessanti da fare <span style=\"background-color: rgba(255, 255, 255, 0); color: var(--body_typography-color); font-family: var(--body_typography-font-family); font-size: var(--body_typography-font-size); font-style: var(--body_typography-font-style,normal); font-weight: var(--body_typography-font-weight); letter-spacing: var(--body_typography-letter-spacing);\">e vedere. Soprattutto grazie per la vostra pazienza per avermi lasciato nuotare nel fiume ogni volta che era possibile!<\/span><\/p>\n<p><a href=\"https:\/\/www.facebook.com\/verzinoadventure\/\" target=\"_blank\" rel=\"noopener noreferrer\">Verzino Adventure<\/a><\/p>\n<\/div><\/div><\/div><\/div><\/div><div class=\"fusion-fullwidth fullwidth-box fusion-builder-row-11 fusion-flex-container nonhundred-percent-fullwidth non-hundred-percent-height-scrolling\" style=\"--awb-border-radius-top-left:0px;--awb-border-radius-top-right:0px;--awb-border-radius-bottom-right:0px;--awb-border-radius-bottom-left:0px;--awb-padding-top:0%;--awb-padding-right:10%;--awb-padding-bottom:0%;--awb-padding-left:10%;--awb-margin-top:0px;--awb-flex-wrap:wrap;\" ><div class=\"fusion-builder-row fusion-row fusion-flex-align-items-flex-start fusion-flex-content-wrap\" style=\"max-width:1320.8px;margin-left: calc(-4% \/ 2 );margin-right: calc(-4% \/ 2 );\"><div class=\"fusion-layout-column fusion_builder_column fusion-builder-column-14 fusion_builder_column_1_1 1_1 fusion-flex-column\" style=\"--awb-bg-size:cover;--awb-width-large:100%;--awb-margin-top-large:0px;--awb-spacing-right-large:1.92%;--awb-margin-bottom-large:0px;--awb-spacing-left-large:1.92%;--awb-width-medium:100%;--awb-order-medium:0;--awb-spacing-right-medium:1.92%;--awb-spacing-left-medium:1.92%;--awb-width-small:100%;--awb-order-small:0;--awb-spacing-right-small:1.92%;--awb-spacing-left-small:1.92%;\"><div class=\"fusion-column-wrapper fusion-column-has-shadow fusion-flex-justify-content-flex-start fusion-content-layout-column\"><div class=\"fusion-image-carousel fusion-image-carousel-auto fusion-image-carousel-3 fusion-carousel-border\"><div class=\"awb-carousel awb-swiper awb-swiper-carousel\" data-autoplay=\"no\" data-columns=\"3\" data-itemmargin=\"13\" data-itemwidth=\"180\" data-touchscroll=\"no\" data-imagesize=\"auto\" style=\"--awb-columns:3;\"><div class=\"swiper-wrapper awb-image-carousel-wrapper fusion-flex-align-items-center\"><div class=\"swiper-slide\"><div class=\"fusion-carousel-item-wrapper\"><div class=\"fusion-image-wrapper hover-type-none\"><img decoding=\"async\" width=\"1280\" height=\"1707\" src=\"https:\/\/urlaub-an-der-stiefelspitze.com\/wp-content\/uploads\/2022\/01\/ftKoaDb.jpg\" class=\"attachment-full size-full lazyload\" alt=\"\" srcset=\"data:image\/svg+xml,%3Csvg%20xmlns%3D%27http%3A%2F%2Fwww.w3.org%2F2000%2Fsvg%27%20width%3D%271280%27%20height%3D%271707%27%20viewBox%3D%270%200%201280%201707%27%3E%3Crect%20width%3D%271280%27%20height%3D%271707%27%20fill-opacity%3D%220%22%2F%3E%3C%2Fsvg%3E\" data-orig-src=\"https:\/\/urlaub-an-der-stiefelspitze.com\/wp-content\/uploads\/2022\/01\/ftKoaDb.jpg\" data-srcset=\"https:\/\/urlaub-an-der-stiefelspitze.com\/wp-content\/uploads\/2022\/01\/ftKoaDb-200x267.jpg 200w, https:\/\/urlaub-an-der-stiefelspitze.com\/wp-content\/uploads\/2022\/01\/ftKoaDb-400x533.jpg 400w, https:\/\/urlaub-an-der-stiefelspitze.com\/wp-content\/uploads\/2022\/01\/ftKoaDb-600x800.jpg 600w, https:\/\/urlaub-an-der-stiefelspitze.com\/wp-content\/uploads\/2022\/01\/ftKoaDb-800x1067.jpg 800w, https:\/\/urlaub-an-der-stiefelspitze.com\/wp-content\/uploads\/2022\/01\/ftKoaDb-1200x1600.jpg 1200w, https:\/\/urlaub-an-der-stiefelspitze.com\/wp-content\/uploads\/2022\/01\/ftKoaDb.jpg 1280w\" data-sizes=\"auto\" \/><\/div><\/div><\/div><div class=\"swiper-slide\"><div class=\"fusion-carousel-item-wrapper\"><div class=\"fusion-image-wrapper hover-type-none\"><img decoding=\"async\" width=\"1280\" height=\"1707\" src=\"https:\/\/urlaub-an-der-stiefelspitze.com\/wp-content\/uploads\/2022\/01\/KNfllVy.jpg\" class=\"attachment-full size-full lazyload\" alt=\"\" srcset=\"data:image\/svg+xml,%3Csvg%20xmlns%3D%27http%3A%2F%2Fwww.w3.org%2F2000%2Fsvg%27%20width%3D%271280%27%20height%3D%271707%27%20viewBox%3D%270%200%201280%201707%27%3E%3Crect%20width%3D%271280%27%20height%3D%271707%27%20fill-opacity%3D%220%22%2F%3E%3C%2Fsvg%3E\" data-orig-src=\"https:\/\/urlaub-an-der-stiefelspitze.com\/wp-content\/uploads\/2022\/01\/KNfllVy.jpg\" data-srcset=\"https:\/\/urlaub-an-der-stiefelspitze.com\/wp-content\/uploads\/2022\/01\/KNfllVy-200x267.jpg 200w, https:\/\/urlaub-an-der-stiefelspitze.com\/wp-content\/uploads\/2022\/01\/KNfllVy-400x533.jpg 400w, https:\/\/urlaub-an-der-stiefelspitze.com\/wp-content\/uploads\/2022\/01\/KNfllVy-600x800.jpg 600w, https:\/\/urlaub-an-der-stiefelspitze.com\/wp-content\/uploads\/2022\/01\/KNfllVy-800x1067.jpg 800w, https:\/\/urlaub-an-der-stiefelspitze.com\/wp-content\/uploads\/2022\/01\/KNfllVy-1200x1600.jpg 1200w, https:\/\/urlaub-an-der-stiefelspitze.com\/wp-content\/uploads\/2022\/01\/KNfllVy.jpg 1280w\" data-sizes=\"auto\" \/><\/div><\/div><\/div><div class=\"swiper-slide\"><div class=\"fusion-carousel-item-wrapper\"><div class=\"fusion-image-wrapper hover-type-none\"><img decoding=\"async\" width=\"1280\" height=\"1707\" src=\"https:\/\/urlaub-an-der-stiefelspitze.com\/wp-content\/uploads\/2022\/01\/GNNcKWh.jpg\" class=\"attachment-full size-full lazyload\" alt=\"\" srcset=\"data:image\/svg+xml,%3Csvg%20xmlns%3D%27http%3A%2F%2Fwww.w3.org%2F2000%2Fsvg%27%20width%3D%271280%27%20height%3D%271707%27%20viewBox%3D%270%200%201280%201707%27%3E%3Crect%20width%3D%271280%27%20height%3D%271707%27%20fill-opacity%3D%220%22%2F%3E%3C%2Fsvg%3E\" data-orig-src=\"https:\/\/urlaub-an-der-stiefelspitze.com\/wp-content\/uploads\/2022\/01\/GNNcKWh.jpg\" data-srcset=\"https:\/\/urlaub-an-der-stiefelspitze.com\/wp-content\/uploads\/2022\/01\/GNNcKWh-200x267.jpg 200w, https:\/\/urlaub-an-der-stiefelspitze.com\/wp-content\/uploads\/2022\/01\/GNNcKWh-400x533.jpg 400w, https:\/\/urlaub-an-der-stiefelspitze.com\/wp-content\/uploads\/2022\/01\/GNNcKWh-600x800.jpg 600w, https:\/\/urlaub-an-der-stiefelspitze.com\/wp-content\/uploads\/2022\/01\/GNNcKWh-800x1067.jpg 800w, https:\/\/urlaub-an-der-stiefelspitze.com\/wp-content\/uploads\/2022\/01\/GNNcKWh-1200x1600.jpg 1200w, https:\/\/urlaub-an-der-stiefelspitze.com\/wp-content\/uploads\/2022\/01\/GNNcKWh.jpg 1280w\" data-sizes=\"auto\" \/><\/div><\/div><\/div><div class=\"swiper-slide\"><div class=\"fusion-carousel-item-wrapper\"><div class=\"fusion-image-wrapper hover-type-none\"><img decoding=\"async\" width=\"1280\" height=\"1707\" src=\"https:\/\/urlaub-an-der-stiefelspitze.com\/wp-content\/uploads\/2022\/01\/INE2fxh.jpg\" class=\"attachment-full size-full lazyload\" alt=\"\" srcset=\"data:image\/svg+xml,%3Csvg%20xmlns%3D%27http%3A%2F%2Fwww.w3.org%2F2000%2Fsvg%27%20width%3D%271280%27%20height%3D%271707%27%20viewBox%3D%270%200%201280%201707%27%3E%3Crect%20width%3D%271280%27%20height%3D%271707%27%20fill-opacity%3D%220%22%2F%3E%3C%2Fsvg%3E\" data-orig-src=\"https:\/\/urlaub-an-der-stiefelspitze.com\/wp-content\/uploads\/2022\/01\/INE2fxh.jpg\" data-srcset=\"https:\/\/urlaub-an-der-stiefelspitze.com\/wp-content\/uploads\/2022\/01\/INE2fxh-200x267.jpg 200w, https:\/\/urlaub-an-der-stiefelspitze.com\/wp-content\/uploads\/2022\/01\/INE2fxh-400x533.jpg 400w, https:\/\/urlaub-an-der-stiefelspitze.com\/wp-content\/uploads\/2022\/01\/INE2fxh-600x800.jpg 600w, https:\/\/urlaub-an-der-stiefelspitze.com\/wp-content\/uploads\/2022\/01\/INE2fxh-800x1067.jpg 800w, https:\/\/urlaub-an-der-stiefelspitze.com\/wp-content\/uploads\/2022\/01\/INE2fxh-1200x1600.jpg 1200w, https:\/\/urlaub-an-der-stiefelspitze.com\/wp-content\/uploads\/2022\/01\/INE2fxh.jpg 1280w\" data-sizes=\"auto\" \/><\/div><\/div><\/div><div class=\"swiper-slide\"><div class=\"fusion-carousel-item-wrapper\"><div class=\"fusion-image-wrapper hover-type-none\"><img decoding=\"async\" width=\"1280\" height=\"1707\" src=\"https:\/\/urlaub-an-der-stiefelspitze.com\/wp-content\/uploads\/2022\/01\/tq6VYJP.jpg\" class=\"attachment-full size-full lazyload\" alt=\"\" srcset=\"data:image\/svg+xml,%3Csvg%20xmlns%3D%27http%3A%2F%2Fwww.w3.org%2F2000%2Fsvg%27%20width%3D%271280%27%20height%3D%271707%27%20viewBox%3D%270%200%201280%201707%27%3E%3Crect%20width%3D%271280%27%20height%3D%271707%27%20fill-opacity%3D%220%22%2F%3E%3C%2Fsvg%3E\" data-orig-src=\"https:\/\/urlaub-an-der-stiefelspitze.com\/wp-content\/uploads\/2022\/01\/tq6VYJP.jpg\" data-srcset=\"https:\/\/urlaub-an-der-stiefelspitze.com\/wp-content\/uploads\/2022\/01\/tq6VYJP-200x267.jpg 200w, https:\/\/urlaub-an-der-stiefelspitze.com\/wp-content\/uploads\/2022\/01\/tq6VYJP-400x533.jpg 400w, https:\/\/urlaub-an-der-stiefelspitze.com\/wp-content\/uploads\/2022\/01\/tq6VYJP-600x800.jpg 600w, https:\/\/urlaub-an-der-stiefelspitze.com\/wp-content\/uploads\/2022\/01\/tq6VYJP-800x1067.jpg 800w, https:\/\/urlaub-an-der-stiefelspitze.com\/wp-content\/uploads\/2022\/01\/tq6VYJP-1200x1600.jpg 1200w, https:\/\/urlaub-an-der-stiefelspitze.com\/wp-content\/uploads\/2022\/01\/tq6VYJP.jpg 1280w\" data-sizes=\"auto\" \/><\/div><\/div><\/div><\/div><div class=\"awb-swiper-button awb-swiper-button-prev\"><i class=\"awb-icon-angle-left\" aria-hidden=\"true\"><\/i><\/div><div class=\"awb-swiper-button awb-swiper-button-next\"><i class=\"awb-icon-angle-right\" aria-hidden=\"true\"><\/i><\/div><\/div><\/div><\/div><\/div><\/div><\/div><div class=\"fusion-fullwidth fullwidth-box fusion-builder-row-12 fusion-flex-container nonhundred-percent-fullwidth non-hundred-percent-height-scrolling\" style=\"--awb-border-radius-top-left:0px;--awb-border-radius-top-right:0px;--awb-border-radius-bottom-right:0px;--awb-border-radius-bottom-left:0px;--awb-padding-top:0%;--awb-padding-right:10%;--awb-padding-bottom:0%;--awb-padding-left:10%;--awb-flex-wrap:wrap;\" ><div class=\"fusion-builder-row fusion-row fusion-flex-align-items-flex-start fusion-flex-content-wrap\" style=\"max-width:1320.8px;margin-left: calc(-4% \/ 2 );margin-right: calc(-4% \/ 2 );\"><div class=\"fusion-layout-column fusion_builder_column fusion-builder-column-15 fusion_builder_column_1_1 1_1 fusion-flex-column\" style=\"--awb-bg-size:cover;--awb-width-large:100%;--awb-margin-top-large:0px;--awb-spacing-right-large:1.92%;--awb-margin-bottom-large:25px;--awb-spacing-left-large:1.92%;--awb-width-medium:100%;--awb-order-medium:0;--awb-spacing-right-medium:1.92%;--awb-spacing-left-medium:1.92%;--awb-width-small:100%;--awb-order-small:0;--awb-spacing-right-small:1.92%;--awb-spacing-left-small:1.92%;\"><div class=\"fusion-column-wrapper fusion-column-has-shadow fusion-flex-justify-content-flex-start fusion-content-layout-column\"><div class=\"fusion-title title fusion-title-7 fusion-sep-none fusion-title-text fusion-title-size-two\" style=\"--awb-margin-bottom:40px;--awb-font-size:31px;\"><h2 class=\"fusion-title-heading title-heading-left fusion-responsive-typography-calculated\" style=\"margin:0;font-size:1em;--fontSize:31;line-height:1.26;\">Carzzi &#8211; SERENATA!<\/h2><\/div><div class=\"fusion-image-element \" style=\"--awb-caption-title-font-family:var(--h2_typography-font-family);--awb-caption-title-font-weight:var(--h2_typography-font-weight);--awb-caption-title-font-style:var(--h2_typography-font-style);--awb-caption-title-size:var(--h2_typography-font-size);--awb-caption-title-transform:var(--h2_typography-text-transform);--awb-caption-title-line-height:var(--h2_typography-line-height);--awb-caption-title-letter-spacing:var(--h2_typography-letter-spacing);\"><span class=\" fusion-imageframe imageframe-none imageframe-8 hover-type-none\"><img decoding=\"async\" width=\"1280\" height=\"720\" title=\"PVenyOc\" src=\"https:\/\/urlaub-an-der-stiefelspitze.com\/wp-content\/uploads\/2022\/01\/PVenyOc.jpg\" data-orig-src=\"https:\/\/urlaub-an-der-stiefelspitze.com\/wp-content\/uploads\/2022\/01\/PVenyOc.jpg\" alt class=\"lazyload img-responsive wp-image-3267\" srcset=\"data:image\/svg+xml,%3Csvg%20xmlns%3D%27http%3A%2F%2Fwww.w3.org%2F2000%2Fsvg%27%20width%3D%271280%27%20height%3D%27720%27%20viewBox%3D%270%200%201280%20720%27%3E%3Crect%20width%3D%271280%27%20height%3D%27720%27%20fill-opacity%3D%220%22%2F%3E%3C%2Fsvg%3E\" data-srcset=\"https:\/\/urlaub-an-der-stiefelspitze.com\/wp-content\/uploads\/2022\/01\/PVenyOc-200x113.jpg 200w, https:\/\/urlaub-an-der-stiefelspitze.com\/wp-content\/uploads\/2022\/01\/PVenyOc-400x225.jpg 400w, https:\/\/urlaub-an-der-stiefelspitze.com\/wp-content\/uploads\/2022\/01\/PVenyOc-600x338.jpg 600w, https:\/\/urlaub-an-der-stiefelspitze.com\/wp-content\/uploads\/2022\/01\/PVenyOc-800x450.jpg 800w, https:\/\/urlaub-an-der-stiefelspitze.com\/wp-content\/uploads\/2022\/01\/PVenyOc-1200x675.jpg 1200w, https:\/\/urlaub-an-der-stiefelspitze.com\/wp-content\/uploads\/2022\/01\/PVenyOc.jpg 1280w\" data-sizes=\"auto\" data-orig-sizes=\"(max-width: 1024px) 100vw, (max-width: 640px) 100vw, 1280px\" \/><\/span><\/div><div class=\"fusion-separator fusion-full-width-sep\" style=\"align-self: center;margin-left: auto;margin-right: auto;flex-grow:10;margin-top:20px;margin-bottom:20px;width:100%;\"><\/div><div class=\"fusion-separator fusion-full-width-sep\" style=\"align-self: center;margin-left: auto;margin-right: auto;width:100%;\"><\/div><div class=\"fusion-text fusion-text-7\"><p>Paese natale di <b>Ursula Basta<\/b> (che bel nome!) che \u00e8 anche parte del team Instaruga e paese natale di <a href=\"https:\/\/it.wikipedia.org\/wiki\/Carmine_Abate\" target=\"_blank\" rel=\"noopener noreferrer\">Carmine Abate<\/a>. <span style=\"background-color: rgba(255, 255, 255, 0); color: var(--body_typography-color); font-family: var(--body_typography-font-family); font-size: var(--body_typography-font-size); font-style: var(--body_typography-font-style,normal); font-weight: var(--body_typography-font-weight); letter-spacing: var(--body_typography-letter-spacing);\">La mia prima impressione di questo piccolo paese: le donne qui sono belle e orgogliose, in un modo molto elegante. Gli abiti tradizionali arb\u00ebresh (coha) <\/span><span style=\"background-color: rgba(255, 255, 255, 0); color: var(--body_typography-color); font-family: var(--body_typography-font-family); font-size: var(--body_typography-font-size); font-style: var(--body_typography-font-style,normal); font-weight: var(--body_typography-font-weight); letter-spacing: var(--body_typography-letter-spacing);\">sono di una bellezza e un\u2019eleganza imbattibile. Un vero spettacolo! Dal giro in paese a una serata di cucina casalinga con piatti tradizionali arb\u00ebresh, <\/span><span style=\"background-color: rgba(255, 255, 255, 0); color: var(--body_typography-color); font-family: var(--body_typography-font-family); font-size: var(--body_typography-font-size); font-style: var(--body_typography-font-style,normal); font-weight: var(--body_typography-font-weight); letter-spacing: var(--body_typography-letter-spacing);\">nell&#8217;accogliente casa di Ursula.<\/span><\/p>\n<p>Lei emigrata da 20 anni tra Firenze e Cambridge (in Inghilterra) ha deciso che \u201cCi\u00f2 che \u00e8 abbastanza \u00e8 abbastanza\u201d e a luglio 2020 \u00e8 rientrata a Carfizzi: <span style=\"background-color: rgba(255, 255, 255, 0); color: var(--body_typography-color); font-family: var(--body_typography-font-family); font-size: var(--body_typography-font-size); font-style: var(--body_typography-font-style,normal); font-weight: var(--body_typography-font-weight); letter-spacing: var(--body_typography-letter-spacing);\">per un vero ritorno alle origini! <\/span><span style=\"background-color: rgba(255, 255, 255, 0); color: var(--body_typography-color); font-family: var(--body_typography-font-family); font-size: var(--body_typography-font-size); font-style: var(--body_typography-font-style,normal); letter-spacing: var(--body_typography-letter-spacing);\"><b>Le donne di questa famiglia hanno il fuoco dentro.<\/b><\/span><\/p>\n<p>Dopo la deliziosa cena con il team di Instaruga, appare la madre di Ursula, <b>Mariannina<\/b>, insieme ai cantori arb\u00ebresh: <b>Filomena, Andrea, i due Giovanni<\/b>. <span style=\"background-color: rgba(255, 255, 255, 0); color: var(--body_typography-color); font-family: var(--body_typography-font-family); font-size: var(--body_typography-font-size); font-style: var(--body_typography-font-style,normal); font-weight: var(--body_typography-font-weight); letter-spacing: var(--body_typography-letter-spacing);\">Insieme avevano organizzato a sorpresa una tipica serenata arb\u00ebreshe di malinconici e romantici canti popolari. <\/span><b><span style=\"background-color: rgba(255, 255, 255, 0); color: var(--body_typography-color); font-family: var(--body_typography-font-family); font-size: var(--body_typography-font-size); font-style: var(--body_typography-font-style,normal); letter-spacing: var(--body_typography-letter-spacing);\">Pura pelle d&#8217;oca! Che nostalgia di casa, <\/span><span style=\"background-color: rgba(255, 255, 255, 0); color: var(--body_typography-color); font-family: var(--body_typography-font-family); font-size: var(--body_typography-font-size); font-style: var(--body_typography-font-style,normal); letter-spacing: var(--body_typography-letter-spacing);\">di forti radici a cui spesso \u00e8 difficile ritornare. <\/span><\/b><\/p>\n<p><span style=\"background-color: rgba(255, 255, 255, 0); color: var(--body_typography-color); font-family: var(--body_typography-font-family); font-size: var(--body_typography-font-size); font-style: var(--body_typography-font-style,normal); letter-spacing: var(--body_typography-letter-spacing);\"><b><u>Quella sera ho cominciato a capire cosa rende questa zona cos\u00ec visibilmente unica!!! <\/u><\/b><\/span><span style=\"background-color: rgba(255, 255, 255, 0); color: var(--body_typography-color); font-family: var(--body_typography-font-family); font-size: var(--body_typography-font-size); font-style: var(--body_typography-font-style,normal); font-weight: var(--body_typography-font-weight); letter-spacing: var(--body_typography-letter-spacing);\">Qui non vivrete \u201csolo\u201d la Calabria, ma mischiata a lei una cultura che da secoli vive intensamente il tema dell&#8217;addio e della diaspora, cos\u00ec profondamente <\/span><span style=\"background-color: rgba(255, 255, 255, 0); color: var(--body_typography-color); font-family: var(--body_typography-font-family); font-size: var(--body_typography-font-size); font-style: var(--body_typography-font-style,normal); font-weight: var(--body_typography-font-weight); letter-spacing: var(--body_typography-letter-spacing);\">radicata che l&#8217;unica opzione per le persone qui \u00e8 restare o tornare. Per capire nel profondo quello che intendo \u00e8 necessario visitare questo posto.<\/span><\/p>\n<p>Mille grazie a <b>Instaruga, a Ursula, Mariannina, ai musicisti, alle bellissime ragazze con le cohe e al team del Parco Letterario per l\u2019opportunit\u00e0 di vivere <span style=\"background-color: rgba(255, 255, 255, 0); color: var(--body_typography-color); font-family: var(--body_typography-font-family); font-size: var(--body_typography-font-size); font-style: var(--body_typography-font-style,normal); letter-spacing: var(--body_typography-letter-spacing);\">questa esperienza.<\/span><\/b><\/p>\n<p><b>Vuoi scoprire Carfizzi??<\/b> <a href=\"https:\/\/instaruga.it\/tour-item\/carfizzi-2\/\" target=\"_blank\" rel=\"noopener noreferrer\">Tour Carfizzi Instaruga<\/a><\/p>\n<\/div><\/div><\/div><\/div><\/div><div class=\"fusion-fullwidth fullwidth-box fusion-builder-row-13 fusion-flex-container nonhundred-percent-fullwidth non-hundred-percent-height-scrolling\" style=\"--awb-border-radius-top-left:0px;--awb-border-radius-top-right:0px;--awb-border-radius-bottom-right:0px;--awb-border-radius-bottom-left:0px;--awb-padding-top:0%;--awb-padding-right:10%;--awb-padding-bottom:0%;--awb-padding-left:10%;--awb-margin-top:0px;--awb-flex-wrap:wrap;\" ><div class=\"fusion-builder-row fusion-row fusion-flex-align-items-flex-start fusion-flex-content-wrap\" style=\"max-width:1320.8px;margin-left: calc(-4% \/ 2 );margin-right: calc(-4% \/ 2 );\"><div class=\"fusion-layout-column fusion_builder_column fusion-builder-column-16 fusion_builder_column_1_1 1_1 fusion-flex-column\" style=\"--awb-bg-size:cover;--awb-width-large:100%;--awb-margin-top-large:0px;--awb-spacing-right-large:1.92%;--awb-margin-bottom-large:0px;--awb-spacing-left-large:1.92%;--awb-width-medium:100%;--awb-order-medium:0;--awb-spacing-right-medium:1.92%;--awb-spacing-left-medium:1.92%;--awb-width-small:100%;--awb-order-small:0;--awb-spacing-right-small:1.92%;--awb-spacing-left-small:1.92%;\"><div class=\"fusion-column-wrapper fusion-column-has-shadow fusion-flex-justify-content-flex-start fusion-content-layout-column\"><div class=\"fusion-image-carousel fusion-image-carousel-auto fusion-image-carousel-4 fusion-carousel-border\"><div class=\"awb-carousel awb-swiper awb-swiper-carousel\" data-autoplay=\"no\" data-columns=\"3\" data-itemmargin=\"13\" data-itemwidth=\"180\" data-touchscroll=\"no\" data-imagesize=\"auto\" style=\"--awb-columns:3;\"><div class=\"swiper-wrapper awb-image-carousel-wrapper fusion-flex-align-items-center\"><div class=\"swiper-slide\"><div class=\"fusion-carousel-item-wrapper\"><div class=\"fusion-image-wrapper hover-type-none\"><img decoding=\"async\" width=\"1280\" height=\"1707\" src=\"https:\/\/urlaub-an-der-stiefelspitze.com\/wp-content\/uploads\/2022\/01\/mYPuv2C.jpg\" class=\"attachment-full size-full lazyload\" alt=\"\" srcset=\"data:image\/svg+xml,%3Csvg%20xmlns%3D%27http%3A%2F%2Fwww.w3.org%2F2000%2Fsvg%27%20width%3D%271280%27%20height%3D%271707%27%20viewBox%3D%270%200%201280%201707%27%3E%3Crect%20width%3D%271280%27%20height%3D%271707%27%20fill-opacity%3D%220%22%2F%3E%3C%2Fsvg%3E\" data-orig-src=\"https:\/\/urlaub-an-der-stiefelspitze.com\/wp-content\/uploads\/2022\/01\/mYPuv2C.jpg\" data-srcset=\"https:\/\/urlaub-an-der-stiefelspitze.com\/wp-content\/uploads\/2022\/01\/mYPuv2C-200x267.jpg 200w, https:\/\/urlaub-an-der-stiefelspitze.com\/wp-content\/uploads\/2022\/01\/mYPuv2C-400x533.jpg 400w, https:\/\/urlaub-an-der-stiefelspitze.com\/wp-content\/uploads\/2022\/01\/mYPuv2C-600x800.jpg 600w, https:\/\/urlaub-an-der-stiefelspitze.com\/wp-content\/uploads\/2022\/01\/mYPuv2C-800x1067.jpg 800w, https:\/\/urlaub-an-der-stiefelspitze.com\/wp-content\/uploads\/2022\/01\/mYPuv2C-1200x1600.jpg 1200w, https:\/\/urlaub-an-der-stiefelspitze.com\/wp-content\/uploads\/2022\/01\/mYPuv2C.jpg 1280w\" data-sizes=\"auto\" \/><\/div><\/div><\/div><div class=\"swiper-slide\"><div class=\"fusion-carousel-item-wrapper\"><div class=\"fusion-image-wrapper hover-type-none\"><img decoding=\"async\" width=\"1280\" height=\"1707\" src=\"https:\/\/urlaub-an-der-stiefelspitze.com\/wp-content\/uploads\/2022\/01\/2eM9g8f.jpg\" class=\"attachment-full size-full lazyload\" alt=\"\" srcset=\"data:image\/svg+xml,%3Csvg%20xmlns%3D%27http%3A%2F%2Fwww.w3.org%2F2000%2Fsvg%27%20width%3D%271280%27%20height%3D%271707%27%20viewBox%3D%270%200%201280%201707%27%3E%3Crect%20width%3D%271280%27%20height%3D%271707%27%20fill-opacity%3D%220%22%2F%3E%3C%2Fsvg%3E\" data-orig-src=\"https:\/\/urlaub-an-der-stiefelspitze.com\/wp-content\/uploads\/2022\/01\/2eM9g8f.jpg\" data-srcset=\"https:\/\/urlaub-an-der-stiefelspitze.com\/wp-content\/uploads\/2022\/01\/2eM9g8f-200x267.jpg 200w, https:\/\/urlaub-an-der-stiefelspitze.com\/wp-content\/uploads\/2022\/01\/2eM9g8f-400x533.jpg 400w, https:\/\/urlaub-an-der-stiefelspitze.com\/wp-content\/uploads\/2022\/01\/2eM9g8f-600x800.jpg 600w, https:\/\/urlaub-an-der-stiefelspitze.com\/wp-content\/uploads\/2022\/01\/2eM9g8f-800x1067.jpg 800w, https:\/\/urlaub-an-der-stiefelspitze.com\/wp-content\/uploads\/2022\/01\/2eM9g8f-1200x1600.jpg 1200w, https:\/\/urlaub-an-der-stiefelspitze.com\/wp-content\/uploads\/2022\/01\/2eM9g8f.jpg 1280w\" data-sizes=\"auto\" \/><\/div><\/div><\/div><div class=\"swiper-slide\"><div class=\"fusion-carousel-item-wrapper\"><div class=\"fusion-image-wrapper hover-type-none\"><img decoding=\"async\" width=\"1280\" height=\"1707\" src=\"https:\/\/urlaub-an-der-stiefelspitze.com\/wp-content\/uploads\/2022\/01\/vTZv9cb.jpg\" class=\"attachment-full size-full lazyload\" alt=\"\" srcset=\"data:image\/svg+xml,%3Csvg%20xmlns%3D%27http%3A%2F%2Fwww.w3.org%2F2000%2Fsvg%27%20width%3D%271280%27%20height%3D%271707%27%20viewBox%3D%270%200%201280%201707%27%3E%3Crect%20width%3D%271280%27%20height%3D%271707%27%20fill-opacity%3D%220%22%2F%3E%3C%2Fsvg%3E\" data-orig-src=\"https:\/\/urlaub-an-der-stiefelspitze.com\/wp-content\/uploads\/2022\/01\/vTZv9cb.jpg\" data-srcset=\"https:\/\/urlaub-an-der-stiefelspitze.com\/wp-content\/uploads\/2022\/01\/vTZv9cb-200x267.jpg 200w, https:\/\/urlaub-an-der-stiefelspitze.com\/wp-content\/uploads\/2022\/01\/vTZv9cb-400x533.jpg 400w, https:\/\/urlaub-an-der-stiefelspitze.com\/wp-content\/uploads\/2022\/01\/vTZv9cb-600x800.jpg 600w, https:\/\/urlaub-an-der-stiefelspitze.com\/wp-content\/uploads\/2022\/01\/vTZv9cb-800x1067.jpg 800w, https:\/\/urlaub-an-der-stiefelspitze.com\/wp-content\/uploads\/2022\/01\/vTZv9cb-1200x1600.jpg 1200w, https:\/\/urlaub-an-der-stiefelspitze.com\/wp-content\/uploads\/2022\/01\/vTZv9cb.jpg 1280w\" data-sizes=\"auto\" \/><\/div><\/div><\/div><div class=\"swiper-slide\"><div class=\"fusion-carousel-item-wrapper\"><div class=\"fusion-image-wrapper hover-type-none\"><img decoding=\"async\" width=\"1280\" height=\"1707\" src=\"https:\/\/urlaub-an-der-stiefelspitze.com\/wp-content\/uploads\/2022\/01\/6Jcs8ld-1-1.jpg\" class=\"attachment-full size-full lazyload\" alt=\"\" srcset=\"data:image\/svg+xml,%3Csvg%20xmlns%3D%27http%3A%2F%2Fwww.w3.org%2F2000%2Fsvg%27%20width%3D%271280%27%20height%3D%271707%27%20viewBox%3D%270%200%201280%201707%27%3E%3Crect%20width%3D%271280%27%20height%3D%271707%27%20fill-opacity%3D%220%22%2F%3E%3C%2Fsvg%3E\" data-orig-src=\"https:\/\/urlaub-an-der-stiefelspitze.com\/wp-content\/uploads\/2022\/01\/6Jcs8ld-1-1.jpg\" data-srcset=\"https:\/\/urlaub-an-der-stiefelspitze.com\/wp-content\/uploads\/2022\/01\/6Jcs8ld-1-1-200x267.jpg 200w, https:\/\/urlaub-an-der-stiefelspitze.com\/wp-content\/uploads\/2022\/01\/6Jcs8ld-1-1-400x533.jpg 400w, https:\/\/urlaub-an-der-stiefelspitze.com\/wp-content\/uploads\/2022\/01\/6Jcs8ld-1-1-600x800.jpg 600w, https:\/\/urlaub-an-der-stiefelspitze.com\/wp-content\/uploads\/2022\/01\/6Jcs8ld-1-1-800x1067.jpg 800w, https:\/\/urlaub-an-der-stiefelspitze.com\/wp-content\/uploads\/2022\/01\/6Jcs8ld-1-1-1200x1600.jpg 1200w, https:\/\/urlaub-an-der-stiefelspitze.com\/wp-content\/uploads\/2022\/01\/6Jcs8ld-1-1.jpg 1280w\" data-sizes=\"auto\" \/><\/div><\/div><\/div><div class=\"swiper-slide\"><div class=\"fusion-carousel-item-wrapper\"><div class=\"fusion-image-wrapper hover-type-none\"><img decoding=\"async\" width=\"1280\" height=\"1707\" src=\"https:\/\/urlaub-an-der-stiefelspitze.com\/wp-content\/uploads\/2022\/01\/OlhFrsr.jpg\" class=\"attachment-full size-full lazyload\" alt=\"\" srcset=\"data:image\/svg+xml,%3Csvg%20xmlns%3D%27http%3A%2F%2Fwww.w3.org%2F2000%2Fsvg%27%20width%3D%271280%27%20height%3D%271707%27%20viewBox%3D%270%200%201280%201707%27%3E%3Crect%20width%3D%271280%27%20height%3D%271707%27%20fill-opacity%3D%220%22%2F%3E%3C%2Fsvg%3E\" data-orig-src=\"https:\/\/urlaub-an-der-stiefelspitze.com\/wp-content\/uploads\/2022\/01\/OlhFrsr.jpg\" data-srcset=\"https:\/\/urlaub-an-der-stiefelspitze.com\/wp-content\/uploads\/2022\/01\/OlhFrsr-200x267.jpg 200w, https:\/\/urlaub-an-der-stiefelspitze.com\/wp-content\/uploads\/2022\/01\/OlhFrsr-400x533.jpg 400w, https:\/\/urlaub-an-der-stiefelspitze.com\/wp-content\/uploads\/2022\/01\/OlhFrsr-600x800.jpg 600w, https:\/\/urlaub-an-der-stiefelspitze.com\/wp-content\/uploads\/2022\/01\/OlhFrsr-800x1067.jpg 800w, https:\/\/urlaub-an-der-stiefelspitze.com\/wp-content\/uploads\/2022\/01\/OlhFrsr-1200x1600.jpg 1200w, https:\/\/urlaub-an-der-stiefelspitze.com\/wp-content\/uploads\/2022\/01\/OlhFrsr.jpg 1280w\" data-sizes=\"auto\" \/><\/div><\/div><\/div><div class=\"swiper-slide\"><div class=\"fusion-carousel-item-wrapper\"><div class=\"fusion-image-wrapper hover-type-none\"><img decoding=\"async\" width=\"1280\" height=\"1707\" src=\"https:\/\/urlaub-an-der-stiefelspitze.com\/wp-content\/uploads\/2022\/01\/PUcUTqW.jpg\" class=\"attachment-full size-full lazyload\" alt=\"\" srcset=\"data:image\/svg+xml,%3Csvg%20xmlns%3D%27http%3A%2F%2Fwww.w3.org%2F2000%2Fsvg%27%20width%3D%271280%27%20height%3D%271707%27%20viewBox%3D%270%200%201280%201707%27%3E%3Crect%20width%3D%271280%27%20height%3D%271707%27%20fill-opacity%3D%220%22%2F%3E%3C%2Fsvg%3E\" data-orig-src=\"https:\/\/urlaub-an-der-stiefelspitze.com\/wp-content\/uploads\/2022\/01\/PUcUTqW.jpg\" data-srcset=\"https:\/\/urlaub-an-der-stiefelspitze.com\/wp-content\/uploads\/2022\/01\/PUcUTqW-200x267.jpg 200w, https:\/\/urlaub-an-der-stiefelspitze.com\/wp-content\/uploads\/2022\/01\/PUcUTqW-400x533.jpg 400w, https:\/\/urlaub-an-der-stiefelspitze.com\/wp-content\/uploads\/2022\/01\/PUcUTqW-600x800.jpg 600w, https:\/\/urlaub-an-der-stiefelspitze.com\/wp-content\/uploads\/2022\/01\/PUcUTqW-800x1067.jpg 800w, https:\/\/urlaub-an-der-stiefelspitze.com\/wp-content\/uploads\/2022\/01\/PUcUTqW-1200x1600.jpg 1200w, https:\/\/urlaub-an-der-stiefelspitze.com\/wp-content\/uploads\/2022\/01\/PUcUTqW.jpg 1280w\" data-sizes=\"auto\" \/><\/div><\/div><\/div><div class=\"swiper-slide\"><div class=\"fusion-carousel-item-wrapper\"><div class=\"fusion-image-wrapper hover-type-none\"><img decoding=\"async\" width=\"1280\" height=\"1707\" src=\"https:\/\/urlaub-an-der-stiefelspitze.com\/wp-content\/uploads\/2022\/01\/2xpG7Wn.jpg\" class=\"attachment-full size-full lazyload\" alt=\"Nostalgia Sehnsucht Gedichte von Alessandro Costantino\" srcset=\"data:image\/svg+xml,%3Csvg%20xmlns%3D%27http%3A%2F%2Fwww.w3.org%2F2000%2Fsvg%27%20width%3D%271280%27%20height%3D%271707%27%20viewBox%3D%270%200%201280%201707%27%3E%3Crect%20width%3D%271280%27%20height%3D%271707%27%20fill-opacity%3D%220%22%2F%3E%3C%2Fsvg%3E\" data-orig-src=\"https:\/\/urlaub-an-der-stiefelspitze.com\/wp-content\/uploads\/2022\/01\/2xpG7Wn.jpg\" data-srcset=\"https:\/\/urlaub-an-der-stiefelspitze.com\/wp-content\/uploads\/2022\/01\/2xpG7Wn-200x267.jpg 200w, https:\/\/urlaub-an-der-stiefelspitze.com\/wp-content\/uploads\/2022\/01\/2xpG7Wn-400x533.jpg 400w, https:\/\/urlaub-an-der-stiefelspitze.com\/wp-content\/uploads\/2022\/01\/2xpG7Wn-600x800.jpg 600w, https:\/\/urlaub-an-der-stiefelspitze.com\/wp-content\/uploads\/2022\/01\/2xpG7Wn-800x1067.jpg 800w, https:\/\/urlaub-an-der-stiefelspitze.com\/wp-content\/uploads\/2022\/01\/2xpG7Wn-1200x1600.jpg 1200w, https:\/\/urlaub-an-der-stiefelspitze.com\/wp-content\/uploads\/2022\/01\/2xpG7Wn.jpg 1280w\" data-sizes=\"auto\" \/><\/div><\/div><\/div><div class=\"swiper-slide\"><div class=\"fusion-carousel-item-wrapper\"><div class=\"fusion-image-wrapper hover-type-none\"><img decoding=\"async\" width=\"1280\" height=\"1707\" src=\"https:\/\/urlaub-an-der-stiefelspitze.com\/wp-content\/uploads\/2022\/01\/RnOgxz2.jpg\" class=\"attachment-full size-full lazyload\" alt=\"\" srcset=\"data:image\/svg+xml,%3Csvg%20xmlns%3D%27http%3A%2F%2Fwww.w3.org%2F2000%2Fsvg%27%20width%3D%271280%27%20height%3D%271707%27%20viewBox%3D%270%200%201280%201707%27%3E%3Crect%20width%3D%271280%27%20height%3D%271707%27%20fill-opacity%3D%220%22%2F%3E%3C%2Fsvg%3E\" data-orig-src=\"https:\/\/urlaub-an-der-stiefelspitze.com\/wp-content\/uploads\/2022\/01\/RnOgxz2.jpg\" data-srcset=\"https:\/\/urlaub-an-der-stiefelspitze.com\/wp-content\/uploads\/2022\/01\/RnOgxz2-200x267.jpg 200w, https:\/\/urlaub-an-der-stiefelspitze.com\/wp-content\/uploads\/2022\/01\/RnOgxz2-400x533.jpg 400w, https:\/\/urlaub-an-der-stiefelspitze.com\/wp-content\/uploads\/2022\/01\/RnOgxz2-600x800.jpg 600w, https:\/\/urlaub-an-der-stiefelspitze.com\/wp-content\/uploads\/2022\/01\/RnOgxz2-800x1067.jpg 800w, https:\/\/urlaub-an-der-stiefelspitze.com\/wp-content\/uploads\/2022\/01\/RnOgxz2-1200x1600.jpg 1200w, https:\/\/urlaub-an-der-stiefelspitze.com\/wp-content\/uploads\/2022\/01\/RnOgxz2.jpg 1280w\" data-sizes=\"auto\" \/><\/div><\/div><\/div><\/div><div class=\"awb-swiper-button awb-swiper-button-prev\"><i class=\"awb-icon-angle-left\" aria-hidden=\"true\"><\/i><\/div><div class=\"awb-swiper-button awb-swiper-button-next\"><i class=\"awb-icon-angle-right\" aria-hidden=\"true\"><\/i><\/div><\/div><\/div><\/div><\/div><\/div><\/div><div class=\"fusion-fullwidth fullwidth-box fusion-builder-row-14 fusion-flex-container nonhundred-percent-fullwidth non-hundred-percent-height-scrolling\" style=\"--awb-border-radius-top-left:0px;--awb-border-radius-top-right:0px;--awb-border-radius-bottom-right:0px;--awb-border-radius-bottom-left:0px;--awb-padding-top:0%;--awb-padding-right:10%;--awb-padding-bottom:0%;--awb-padding-left:10%;--awb-flex-wrap:wrap;\" ><div class=\"fusion-builder-row fusion-row fusion-flex-align-items-flex-start fusion-flex-content-wrap\" style=\"max-width:1320.8px;margin-left: calc(-4% \/ 2 );margin-right: calc(-4% \/ 2 );\"><div class=\"fusion-layout-column fusion_builder_column fusion-builder-column-17 fusion_builder_column_1_1 1_1 fusion-flex-column\" style=\"--awb-bg-size:cover;--awb-width-large:100%;--awb-margin-top-large:0px;--awb-spacing-right-large:1.92%;--awb-margin-bottom-large:0px;--awb-spacing-left-large:1.92%;--awb-width-medium:100%;--awb-order-medium:0;--awb-spacing-right-medium:1.92%;--awb-spacing-left-medium:1.92%;--awb-width-small:100%;--awb-order-small:0;--awb-spacing-right-small:1.92%;--awb-spacing-left-small:1.92%;\"><div class=\"fusion-column-wrapper fusion-column-has-shadow fusion-flex-justify-content-flex-start fusion-content-layout-column\"><div class=\"fusion-title title fusion-title-8 fusion-sep-none fusion-title-text fusion-title-size-two\" style=\"--awb-margin-bottom:40px;--awb-font-size:31px;\"><h2 class=\"fusion-title-heading title-heading-left fusion-responsive-typography-calculated\" style=\"margin:0;font-size:1em;--fontSize:31;line-height:1.26;\">Cir\u00f2<\/h2><\/div><div class=\"fusion-image-element \" style=\"--awb-caption-title-font-family:var(--h2_typography-font-family);--awb-caption-title-font-weight:var(--h2_typography-font-weight);--awb-caption-title-font-style:var(--h2_typography-font-style);--awb-caption-title-size:var(--h2_typography-font-size);--awb-caption-title-transform:var(--h2_typography-text-transform);--awb-caption-title-line-height:var(--h2_typography-line-height);--awb-caption-title-letter-spacing:var(--h2_typography-letter-spacing);\"><span class=\" fusion-imageframe imageframe-none imageframe-9 hover-type-none\"><img decoding=\"async\" width=\"1280\" height=\"720\" title=\"Wu2qD7b\" src=\"https:\/\/urlaub-an-der-stiefelspitze.com\/wp-content\/uploads\/2022\/01\/Wu2qD7b.jpg\" data-orig-src=\"https:\/\/urlaub-an-der-stiefelspitze.com\/wp-content\/uploads\/2022\/01\/Wu2qD7b.jpg\" alt class=\"lazyload img-responsive wp-image-3268\" srcset=\"data:image\/svg+xml,%3Csvg%20xmlns%3D%27http%3A%2F%2Fwww.w3.org%2F2000%2Fsvg%27%20width%3D%271280%27%20height%3D%27720%27%20viewBox%3D%270%200%201280%20720%27%3E%3Crect%20width%3D%271280%27%20height%3D%27720%27%20fill-opacity%3D%220%22%2F%3E%3C%2Fsvg%3E\" data-srcset=\"https:\/\/urlaub-an-der-stiefelspitze.com\/wp-content\/uploads\/2022\/01\/Wu2qD7b-200x113.jpg 200w, https:\/\/urlaub-an-der-stiefelspitze.com\/wp-content\/uploads\/2022\/01\/Wu2qD7b-400x225.jpg 400w, https:\/\/urlaub-an-der-stiefelspitze.com\/wp-content\/uploads\/2022\/01\/Wu2qD7b-600x338.jpg 600w, https:\/\/urlaub-an-der-stiefelspitze.com\/wp-content\/uploads\/2022\/01\/Wu2qD7b-800x450.jpg 800w, https:\/\/urlaub-an-der-stiefelspitze.com\/wp-content\/uploads\/2022\/01\/Wu2qD7b-1200x675.jpg 1200w, https:\/\/urlaub-an-der-stiefelspitze.com\/wp-content\/uploads\/2022\/01\/Wu2qD7b.jpg 1280w\" data-sizes=\"auto\" data-orig-sizes=\"(max-width: 1024px) 100vw, (max-width: 640px) 100vw, 1280px\" \/><\/span><\/div><div class=\"fusion-separator fusion-full-width-sep\" style=\"align-self: center;margin-left: auto;margin-right: auto;flex-grow:10;margin-top:20px;margin-bottom:20px;width:100%;\"><\/div><div class=\"fusion-text fusion-text-8\"><p><b>Cir\u00f2 Marina &#8211; Degustazione di vini ad Avita e Tenuta del Conte<\/b><\/p>\n<p><b>Cir\u00f2 Revolution:<\/b> una nuova filosofia del fare il vino a questa latitudine, autentica, giovane e potente. Un approccio prettamente biologico di entrambe le <span style=\"background-color: rgba(255, 255, 255, 0); color: var(--body_typography-color); font-family: var(--body_typography-font-family); font-size: var(--body_typography-font-size); font-style: var(--body_typography-font-style,normal); font-weight: var(--body_typography-font-weight); letter-spacing: var(--body_typography-letter-spacing);\">cantine che ho apprezzato molto. Mille grazie a <\/span><span style=\"background-color: rgba(255, 255, 255, 0); color: var(--body_typography-color); font-family: var(--body_typography-font-family); font-size: var(--body_typography-font-size); font-style: var(--body_typography-font-style,normal); letter-spacing: var(--body_typography-letter-spacing);\"><b>Francesco De Franco<\/b><\/span><span style=\"background-color: rgba(255, 255, 255, 0); color: var(--body_typography-color); font-family: var(--body_typography-font-family); font-size: var(--body_typography-font-size); font-style: var(--body_typography-font-style,normal); font-weight: var(--body_typography-font-weight); letter-spacing: var(--body_typography-letter-spacing);\"> <a href=\"https:\/\/www.avitavini.it\/category\/scheda-vino\/\" target=\"_blank\" rel=\"noopener noreferrer\">di &#8216;Avita<\/a> e a <\/span><span style=\"background-color: rgba(255, 255, 255, 0); color: var(--body_typography-color); font-family: var(--body_typography-font-family); font-size: var(--body_typography-font-size); font-style: var(--body_typography-font-style,normal); letter-spacing: var(--body_typography-letter-spacing);\"><b>Mariangela Parrilla<\/b><\/span><span style=\"background-color: rgba(255, 255, 255, 0); color: var(--body_typography-color); font-family: var(--body_typography-font-family); font-size: var(--body_typography-font-size); font-style: var(--body_typography-font-style,normal); font-weight: var(--body_typography-font-weight); letter-spacing: var(--body_typography-letter-spacing);\"> di <a href=\"https:\/\/tenutadelconte.it\/en\/\" target=\"_blank\" rel=\"noopener noreferrer\">Tenuta del Conte<\/a>, per il loro tempo e la passione <\/span><span style=\"background-color: rgba(255, 255, 255, 0); color: var(--body_typography-color); font-family: var(--body_typography-font-family); font-size: var(--body_typography-font-size); font-style: var(--body_typography-font-style,normal); font-weight: var(--body_typography-font-weight); letter-spacing: var(--body_typography-letter-spacing);\">nel raccontare la loro storia e i loro vini.<\/span><\/p>\n<p><b>Cir\u00f2<\/b>, un&#8217;altra fantastica vista panoramica, un borgo arroccato, un po\u2019 lontano dalla costa e forse meno accessibile, poco \u201cappariscente\u201d in questo senso, <span style=\"background-color: rgba(255, 255, 255, 0); color: var(--body_typography-color); font-family: var(--body_typography-font-family); font-size: var(--body_typography-font-size); font-style: var(--body_typography-font-style,normal); font-weight: var(--body_typography-font-weight); letter-spacing: var(--body_typography-letter-spacing);\">che pu\u00f2 sembrare quasi dimenticato. Anche qui la regola \u00e8 una: guardare due volte, soffermarsi. Lasciati guidare dalla giovane squadra della <\/span><span style=\"background-color: rgba(255, 255, 255, 0); color: var(--body_typography-color); font-family: var(--body_typography-font-family); font-size: var(--body_typography-font-size); font-style: var(--body_typography-font-style,normal); font-weight: var(--body_typography-font-weight); letter-spacing: var(--body_typography-letter-spacing);\"><\/span><span style=\"background-color: rgba(255, 255, 255, 0); color: var(--body_typography-color); font-family: var(--body_typography-font-family); font-size: var(--body_typography-font-size); font-style: var(--body_typography-font-style,normal); font-weight: var(--body_typography-font-weight); letter-spacing: var(--body_typography-letter-spacing);\"><\/span><span style=\"background-color: rgba(255, 255, 255, 0); color: var(--body_typography-color); font-family: var(--body_typography-font-family); font-size: var(--body_typography-font-size); font-style: var(--body_typography-font-style,normal); font-weight: var(--body_typography-font-weight); letter-spacing: var(--body_typography-letter-spacing);\"><\/span><span style=\"background-color: rgba(255, 255, 255, 0); color: var(--body_typography-color); font-family: var(--body_typography-font-family); font-size: var(--body_typography-font-size); font-style: var(--body_typography-font-style,normal); font-weight: var(--body_typography-font-weight); letter-spacing: var(--body_typography-letter-spacing);\"><\/span><a href=\"https:\/\/www.facebook.com\/prolocoluigililio\/\"><span style=\"background-color: rgba(255, 255, 255, 0); color: var(--body_typography-color); font-family: var(--body_typography-font-family); font-size: var(--body_typography-font-size); font-style: var(--body_typography-font-style,normal); font-weight: var(--body_typography-font-weight); letter-spacing: var(--body_typography-letter-spacing);\">Pro Loco <\/span><span style=\"background-color: rgba(255, 255, 255, 0); color: var(--body_typography-color); font-family: var(--body_typography-font-family); font-size: var(--body_typography-font-size); font-style: var(--body_typography-font-style,normal); font-weight: var(--body_typography-font-weight); letter-spacing: var(--body_typography-letter-spacing);\">Luigi Lilio<\/span><span style=\"background-color: rgba(255, 255, 255, 0); color: var(--body_typography-color); font-family: var(--body_typography-font-family); font-size: var(--body_typography-font-size); font-style: var(--body_typography-font-style,normal); font-weight: var(--body_typography-font-weight); letter-spacing: var(--body_typography-letter-spacing);\"><\/span><span style=\"background-color: rgba(255, 255, 255, 0); color: var(--body_typography-color); font-family: var(--body_typography-font-family); font-size: var(--body_typography-font-size); font-style: var(--body_typography-font-style,normal); font-weight: var(--body_typography-font-weight); letter-spacing: var(--body_typography-letter-spacing);\"><\/span><span style=\"background-color: rgba(255, 255, 255, 0); color: var(--body_typography-color); font-family: var(--body_typography-font-family); font-size: var(--body_typography-font-size); font-style: var(--body_typography-font-style,normal); font-weight: var(--body_typography-font-weight); letter-spacing: var(--body_typography-letter-spacing);\"> <\/span><\/a><span style=\"background-color: rgba(255, 255, 255, 0); color: var(--body_typography-color); font-family: var(--body_typography-font-family); font-size: var(--body_typography-font-size); font-style: var(--body_typography-font-style,normal); font-weight: var(--body_typography-font-weight); letter-spacing: var(--body_typography-letter-spacing);\"><\/span><span style=\"background-color: rgba(255, 255, 255, 0); color: var(--body_typography-color); font-family: var(--body_typography-font-family); font-size: var(--body_typography-font-size); font-style: var(--body_typography-font-style,normal); font-weight: var(--body_typography-font-weight); letter-spacing: var(--body_typography-letter-spacing);\">e lasciati andare nella storia si questo piccolo borgo, seguendo le orme di<\/span><b style=\"background-color: rgba(255, 255, 255, 0); color: var(--body_typography-color); font-family: var(--body_typography-font-family); font-size: var(--body_typography-font-size); font-style: var(--body_typography-font-style,normal); letter-spacing: var(--body_typography-letter-spacing);\"> Luigi Lilio<\/b><span style=\"background-color: rgba(255, 255, 255, 0); color: var(--body_typography-color); font-family: var(--body_typography-font-family); font-size: var(--body_typography-font-size); font-style: var(--body_typography-font-style,normal); font-weight: var(--body_typography-font-weight); letter-spacing: var(--body_typography-letter-spacing);\">.<\/span><\/p>\n<p>Nato intorno al 1510 a Cir\u00f2 e insieme al fratello Antonio, medico personale di Papa Gregorio XIII, \u00e8 considerato l\u2019autore spirituale del calendario <span style=\"background-color: rgba(255, 255, 255, 0); color: var(--body_typography-color); font-family: var(--body_typography-font-family); font-size: var(--body_typography-font-size); font-style: var(--body_typography-font-style,normal); font-weight: var(--body_typography-font-weight); letter-spacing: var(--body_typography-letter-spacing);\">gregoriano.<\/span><\/p>\n<p><a href=\"https:\/\/www.facebook.com\/prolocoluigililio\/\" target=\"_blank\" rel=\"noopener noreferrer\">Il Polo Museale <\/a>\u00e8 situato in una <b>posizione meravigliosa<\/b>, <u>da cui \u00e8 possibile godere di una vista incredibile sui terreni del Cir\u00f2.<\/u><\/p>\n<p><b>E diviso in tre diverse parti:<\/b><br \/><span style=\"background-color: rgba(255, 255, 255, 0); color: var(--body_typography-color); font-family: var(--body_typography-font-family); font-size: var(--body_typography-font-size); font-style: var(--body_typography-font-style,normal); font-weight: var(--body_typography-font-weight); letter-spacing: var(--body_typography-letter-spacing);\">&#8211; Museo della civilt\u00e0 contadina<br \/><\/span><span style=\"background-color: rgba(255, 255, 255, 0); color: var(--body_typography-color); font-family: var(--body_typography-font-family); font-size: var(--body_typography-font-size); font-style: var(--body_typography-font-style,normal); font-weight: var(--body_typography-font-weight); letter-spacing: var(--body_typography-letter-spacing);\">&#8211; Museo dedicato a Luigi Lilio, inventore del calendario gregoriano<br \/><\/span><span style=\"background-color: rgba(255, 255, 255, 0); color: var(--body_typography-color); font-family: var(--body_typography-font-family); font-size: var(--body_typography-font-size); font-style: var(--body_typography-font-style,normal); font-weight: var(--body_typography-font-weight); letter-spacing: var(--body_typography-letter-spacing);\">&#8211; Museo dedicato a Giano Lacinio, teologo, filosofo ed alchimista contemporaneo di Luigi Lilio. In questa terza sezione imparerai di pi\u00f9 sui segreti <\/span><span style=\"background-color: rgba(255, 255, 255, 0); color: var(--body_typography-color); font-family: var(--body_typography-font-family); font-size: var(--body_typography-font-size); font-style: var(--body_typography-font-style,normal); font-weight: var(--body_typography-font-weight); letter-spacing: var(--body_typography-letter-spacing);\">dell&#8217;alchimia.<\/span><\/p>\n<p>Un museo sorprendentemente ben progettato, un posto in cui vale la pena venire.<\/p>\n<p><b>Grazie mille alla <a href=\"https:\/\/www.facebook.com\/prolocoluigililio\/\">Pro Loco Lilio Cir\u00f2<\/a> per l\u2019esperienza e a tutto lo staff del Polo Museale di Cir\u00f2.<\/b><\/p>\n<\/div><\/div><\/div><\/div><\/div><div class=\"fusion-fullwidth fullwidth-box fusion-builder-row-15 fusion-flex-container nonhundred-percent-fullwidth non-hundred-percent-height-scrolling\" style=\"--awb-border-radius-top-left:0px;--awb-border-radius-top-right:0px;--awb-border-radius-bottom-right:0px;--awb-border-radius-bottom-left:0px;--awb-padding-top:0%;--awb-padding-right:10%;--awb-padding-bottom:0%;--awb-padding-left:10%;--awb-margin-top:0px;--awb-flex-wrap:wrap;\" ><div class=\"fusion-builder-row fusion-row fusion-flex-align-items-flex-start fusion-flex-content-wrap\" style=\"max-width:1320.8px;margin-left: calc(-4% \/ 2 );margin-right: calc(-4% \/ 2 );\"><div class=\"fusion-layout-column fusion_builder_column fusion-builder-column-18 fusion_builder_column_1_1 1_1 fusion-flex-column\" style=\"--awb-bg-size:cover;--awb-width-large:100%;--awb-margin-top-large:0px;--awb-spacing-right-large:1.92%;--awb-margin-bottom-large:0px;--awb-spacing-left-large:1.92%;--awb-width-medium:100%;--awb-order-medium:0;--awb-spacing-right-medium:1.92%;--awb-spacing-left-medium:1.92%;--awb-width-small:100%;--awb-order-small:0;--awb-spacing-right-small:1.92%;--awb-spacing-left-small:1.92%;\"><div class=\"fusion-column-wrapper fusion-column-has-shadow fusion-flex-justify-content-flex-start fusion-content-layout-column\"><div class=\"fusion-image-carousel fusion-image-carousel-auto fusion-image-carousel-5 fusion-carousel-border\"><div class=\"awb-carousel awb-swiper awb-swiper-carousel\" data-autoplay=\"no\" data-columns=\"3\" data-itemmargin=\"13\" data-itemwidth=\"180\" data-touchscroll=\"no\" data-imagesize=\"auto\" style=\"--awb-columns:3;\"><div class=\"swiper-wrapper awb-image-carousel-wrapper fusion-flex-align-items-center\"><div class=\"swiper-slide\"><div class=\"fusion-carousel-item-wrapper\"><div class=\"fusion-image-wrapper hover-type-none\"><img decoding=\"async\" width=\"1280\" height=\"1707\" src=\"https:\/\/urlaub-an-der-stiefelspitze.com\/wp-content\/uploads\/2022\/01\/gD0z9qm.jpg\" class=\"attachment-full size-full lazyload\" alt=\"\" srcset=\"data:image\/svg+xml,%3Csvg%20xmlns%3D%27http%3A%2F%2Fwww.w3.org%2F2000%2Fsvg%27%20width%3D%271280%27%20height%3D%271707%27%20viewBox%3D%270%200%201280%201707%27%3E%3Crect%20width%3D%271280%27%20height%3D%271707%27%20fill-opacity%3D%220%22%2F%3E%3C%2Fsvg%3E\" data-orig-src=\"https:\/\/urlaub-an-der-stiefelspitze.com\/wp-content\/uploads\/2022\/01\/gD0z9qm.jpg\" data-srcset=\"https:\/\/urlaub-an-der-stiefelspitze.com\/wp-content\/uploads\/2022\/01\/gD0z9qm-200x267.jpg 200w, https:\/\/urlaub-an-der-stiefelspitze.com\/wp-content\/uploads\/2022\/01\/gD0z9qm-400x533.jpg 400w, https:\/\/urlaub-an-der-stiefelspitze.com\/wp-content\/uploads\/2022\/01\/gD0z9qm-600x800.jpg 600w, https:\/\/urlaub-an-der-stiefelspitze.com\/wp-content\/uploads\/2022\/01\/gD0z9qm-800x1067.jpg 800w, https:\/\/urlaub-an-der-stiefelspitze.com\/wp-content\/uploads\/2022\/01\/gD0z9qm-1200x1600.jpg 1200w, https:\/\/urlaub-an-der-stiefelspitze.com\/wp-content\/uploads\/2022\/01\/gD0z9qm.jpg 1280w\" data-sizes=\"auto\" \/><\/div><\/div><\/div><div class=\"swiper-slide\"><div class=\"fusion-carousel-item-wrapper\"><div class=\"fusion-image-wrapper hover-type-none\"><img decoding=\"async\" width=\"1280\" height=\"1707\" src=\"https:\/\/urlaub-an-der-stiefelspitze.com\/wp-content\/uploads\/2022\/01\/cHrTEJJ.jpg\" class=\"attachment-full size-full lazyload\" alt=\"\" srcset=\"data:image\/svg+xml,%3Csvg%20xmlns%3D%27http%3A%2F%2Fwww.w3.org%2F2000%2Fsvg%27%20width%3D%271280%27%20height%3D%271707%27%20viewBox%3D%270%200%201280%201707%27%3E%3Crect%20width%3D%271280%27%20height%3D%271707%27%20fill-opacity%3D%220%22%2F%3E%3C%2Fsvg%3E\" data-orig-src=\"https:\/\/urlaub-an-der-stiefelspitze.com\/wp-content\/uploads\/2022\/01\/cHrTEJJ.jpg\" data-srcset=\"https:\/\/urlaub-an-der-stiefelspitze.com\/wp-content\/uploads\/2022\/01\/cHrTEJJ-200x267.jpg 200w, https:\/\/urlaub-an-der-stiefelspitze.com\/wp-content\/uploads\/2022\/01\/cHrTEJJ-400x533.jpg 400w, https:\/\/urlaub-an-der-stiefelspitze.com\/wp-content\/uploads\/2022\/01\/cHrTEJJ-600x800.jpg 600w, https:\/\/urlaub-an-der-stiefelspitze.com\/wp-content\/uploads\/2022\/01\/cHrTEJJ-800x1067.jpg 800w, https:\/\/urlaub-an-der-stiefelspitze.com\/wp-content\/uploads\/2022\/01\/cHrTEJJ-1200x1600.jpg 1200w, https:\/\/urlaub-an-der-stiefelspitze.com\/wp-content\/uploads\/2022\/01\/cHrTEJJ.jpg 1280w\" data-sizes=\"auto\" \/><\/div><\/div><\/div><div class=\"swiper-slide\"><div class=\"fusion-carousel-item-wrapper\"><div class=\"fusion-image-wrapper hover-type-none\"><img decoding=\"async\" width=\"1280\" height=\"1707\" src=\"https:\/\/urlaub-an-der-stiefelspitze.com\/wp-content\/uploads\/2022\/01\/Y48zpWC.jpg\" class=\"attachment-full size-full lazyload\" alt=\"\" srcset=\"data:image\/svg+xml,%3Csvg%20xmlns%3D%27http%3A%2F%2Fwww.w3.org%2F2000%2Fsvg%27%20width%3D%271280%27%20height%3D%271707%27%20viewBox%3D%270%200%201280%201707%27%3E%3Crect%20width%3D%271280%27%20height%3D%271707%27%20fill-opacity%3D%220%22%2F%3E%3C%2Fsvg%3E\" data-orig-src=\"https:\/\/urlaub-an-der-stiefelspitze.com\/wp-content\/uploads\/2022\/01\/Y48zpWC.jpg\" data-srcset=\"https:\/\/urlaub-an-der-stiefelspitze.com\/wp-content\/uploads\/2022\/01\/Y48zpWC-200x267.jpg 200w, https:\/\/urlaub-an-der-stiefelspitze.com\/wp-content\/uploads\/2022\/01\/Y48zpWC-400x533.jpg 400w, https:\/\/urlaub-an-der-stiefelspitze.com\/wp-content\/uploads\/2022\/01\/Y48zpWC-600x800.jpg 600w, https:\/\/urlaub-an-der-stiefelspitze.com\/wp-content\/uploads\/2022\/01\/Y48zpWC-800x1067.jpg 800w, https:\/\/urlaub-an-der-stiefelspitze.com\/wp-content\/uploads\/2022\/01\/Y48zpWC-1200x1600.jpg 1200w, https:\/\/urlaub-an-der-stiefelspitze.com\/wp-content\/uploads\/2022\/01\/Y48zpWC.jpg 1280w\" data-sizes=\"auto\" \/><\/div><\/div><\/div><div class=\"swiper-slide\"><div class=\"fusion-carousel-item-wrapper\"><div class=\"fusion-image-wrapper hover-type-none\"><img decoding=\"async\" width=\"1280\" height=\"1707\" src=\"https:\/\/urlaub-an-der-stiefelspitze.com\/wp-content\/uploads\/2022\/01\/zKX2Gcb.jpg\" class=\"attachment-full size-full lazyload\" alt=\"\" srcset=\"data:image\/svg+xml,%3Csvg%20xmlns%3D%27http%3A%2F%2Fwww.w3.org%2F2000%2Fsvg%27%20width%3D%271280%27%20height%3D%271707%27%20viewBox%3D%270%200%201280%201707%27%3E%3Crect%20width%3D%271280%27%20height%3D%271707%27%20fill-opacity%3D%220%22%2F%3E%3C%2Fsvg%3E\" data-orig-src=\"https:\/\/urlaub-an-der-stiefelspitze.com\/wp-content\/uploads\/2022\/01\/zKX2Gcb.jpg\" data-srcset=\"https:\/\/urlaub-an-der-stiefelspitze.com\/wp-content\/uploads\/2022\/01\/zKX2Gcb-200x267.jpg 200w, https:\/\/urlaub-an-der-stiefelspitze.com\/wp-content\/uploads\/2022\/01\/zKX2Gcb-400x533.jpg 400w, https:\/\/urlaub-an-der-stiefelspitze.com\/wp-content\/uploads\/2022\/01\/zKX2Gcb-600x800.jpg 600w, https:\/\/urlaub-an-der-stiefelspitze.com\/wp-content\/uploads\/2022\/01\/zKX2Gcb-800x1067.jpg 800w, https:\/\/urlaub-an-der-stiefelspitze.com\/wp-content\/uploads\/2022\/01\/zKX2Gcb-1200x1600.jpg 1200w, https:\/\/urlaub-an-der-stiefelspitze.com\/wp-content\/uploads\/2022\/01\/zKX2Gcb.jpg 1280w\" data-sizes=\"auto\" \/><\/div><\/div><\/div><div class=\"swiper-slide\"><div class=\"fusion-carousel-item-wrapper\"><div class=\"fusion-image-wrapper hover-type-none\"><img decoding=\"async\" width=\"1280\" height=\"1707\" src=\"https:\/\/urlaub-an-der-stiefelspitze.com\/wp-content\/uploads\/2022\/01\/GHNR0xB.jpg\" class=\"attachment-full size-full lazyload\" alt=\"\" srcset=\"data:image\/svg+xml,%3Csvg%20xmlns%3D%27http%3A%2F%2Fwww.w3.org%2F2000%2Fsvg%27%20width%3D%271280%27%20height%3D%271707%27%20viewBox%3D%270%200%201280%201707%27%3E%3Crect%20width%3D%271280%27%20height%3D%271707%27%20fill-opacity%3D%220%22%2F%3E%3C%2Fsvg%3E\" data-orig-src=\"https:\/\/urlaub-an-der-stiefelspitze.com\/wp-content\/uploads\/2022\/01\/GHNR0xB.jpg\" data-srcset=\"https:\/\/urlaub-an-der-stiefelspitze.com\/wp-content\/uploads\/2022\/01\/GHNR0xB-200x267.jpg 200w, https:\/\/urlaub-an-der-stiefelspitze.com\/wp-content\/uploads\/2022\/01\/GHNR0xB-400x533.jpg 400w, https:\/\/urlaub-an-der-stiefelspitze.com\/wp-content\/uploads\/2022\/01\/GHNR0xB-600x800.jpg 600w, https:\/\/urlaub-an-der-stiefelspitze.com\/wp-content\/uploads\/2022\/01\/GHNR0xB-800x1067.jpg 800w, https:\/\/urlaub-an-der-stiefelspitze.com\/wp-content\/uploads\/2022\/01\/GHNR0xB-1200x1600.jpg 1200w, https:\/\/urlaub-an-der-stiefelspitze.com\/wp-content\/uploads\/2022\/01\/GHNR0xB.jpg 1280w\" data-sizes=\"auto\" \/><\/div><\/div><\/div><\/div><div class=\"awb-swiper-button awb-swiper-button-prev\"><i class=\"awb-icon-angle-left\" aria-hidden=\"true\"><\/i><\/div><div class=\"awb-swiper-button awb-swiper-button-next\"><i class=\"awb-icon-angle-right\" aria-hidden=\"true\"><\/i><\/div><\/div><\/div><\/div><\/div><\/div><\/div><div class=\"fusion-fullwidth fullwidth-box fusion-builder-row-16 fusion-flex-container nonhundred-percent-fullwidth non-hundred-percent-height-scrolling\" style=\"--awb-border-radius-top-left:0px;--awb-border-radius-top-right:0px;--awb-border-radius-bottom-right:0px;--awb-border-radius-bottom-left:0px;--awb-padding-top:0%;--awb-padding-right:10%;--awb-padding-bottom:0%;--awb-padding-left:10%;--awb-flex-wrap:wrap;\" ><div class=\"fusion-builder-row fusion-row fusion-flex-align-items-flex-start fusion-flex-content-wrap\" style=\"max-width:1320.8px;margin-left: calc(-4% \/ 2 );margin-right: calc(-4% \/ 2 );\"><div class=\"fusion-layout-column fusion_builder_column fusion-builder-column-19 fusion_builder_column_1_1 1_1 fusion-flex-column\" style=\"--awb-bg-size:cover;--awb-width-large:100%;--awb-margin-top-large:0px;--awb-spacing-right-large:1.92%;--awb-margin-bottom-large:8px;--awb-spacing-left-large:1.92%;--awb-width-medium:100%;--awb-order-medium:0;--awb-spacing-right-medium:1.92%;--awb-spacing-left-medium:1.92%;--awb-width-small:100%;--awb-order-small:0;--awb-spacing-right-small:1.92%;--awb-spacing-left-small:1.92%;\"><div class=\"fusion-column-wrapper fusion-column-has-shadow fusion-flex-justify-content-flex-start fusion-content-layout-column\"><div class=\"fusion-title title fusion-title-9 fusion-sep-none fusion-title-text fusion-title-size-two\" style=\"--awb-margin-bottom:40px;--awb-font-size:31px;\"><h2 class=\"fusion-title-heading title-heading-left fusion-responsive-typography-calculated\" style=\"margin:0;font-size:1em;--fontSize:31;line-height:1.26;\">Ceraudo &#8211; Dattilo<\/h2><\/div><div class=\"fusion-text fusion-text-9\"><p><a href=\"https:\/\/www.ceraudo.it\/\" target=\"_blank\" rel=\"noopener noreferrer\">Agriturismo Ceraudo<\/a>: non esiste guida della Calabria o guida gastronomica che si occupi del sud Italia, che non passa da qui. <b>Un&#8217;oasi, un&#8217;azienda <span style=\"background-color: rgba(255, 255, 255, 0); color: var(--body_typography-color); font-family: var(--body_typography-font-family); font-size: var(--body_typography-font-size); font-style: var(--body_typography-font-style,normal); letter-spacing: var(--body_typography-letter-spacing);\">familiare dal respiro internazionale. Una realt\u00e0, che nonostante il successo \u00e8 rimasta con i piedi per terra, sul territorio anzi.<\/span><\/b><\/p>\n<p>Un\u2019esperienza che rifarei ancora e ancora: dal giro in trattore con il Sig. Roberto Ceraudo immersi nelle vigne al picnic nel suo museo a cielo aperto. E cos\u00ec <span style=\"background-color: rgba(255, 255, 255, 0); color: var(--body_typography-color); font-family: var(--body_typography-font-family); font-size: var(--body_typography-font-size); font-style: var(--body_typography-font-style,normal); font-weight: var(--body_typography-font-weight); letter-spacing: var(--body_typography-letter-spacing);\">che chiama con amore i suoi ulivi millenari, uno pi\u00f9 bello dell&#8217;altro.<\/span><\/p>\n<p>Una formula di ospitalit\u00e0 declinata ai massimi livelli, oltre all\u2019esperienza gourmet. <span style=\"background-color: rgba(255, 255, 255, 0); color: var(--body_typography-color); font-family: var(--body_typography-font-family); font-size: var(--body_typography-font-size); font-style: var(--body_typography-font-style,normal); font-weight: var(--body_typography-font-weight); letter-spacing: var(--body_typography-letter-spacing);\">Questa infatti \u00e8 casa della giovane chef Caterina Ceraudo, nella cornice meravigliosa del suo <a href=\"https:\/\/dattilo.it\/en\/\" target=\"_blank\" rel=\"noopener noreferrer\">Ristorante Dattilo<\/a>, stella Michelin dal 2016. Premio per <\/span><span style=\"background-color: rgba(255, 255, 255, 0); color: var(--body_typography-color); font-family: var(--body_typography-font-family); font-size: var(--body_typography-font-size); font-style: var(--body_typography-font-style,normal); font-weight: var(--body_typography-font-weight); letter-spacing: var(--body_typography-letter-spacing);\">migliore chef donna d&#8217;Italia nel 2017.<\/span><\/p>\n<p><b><u>Un team giovane e simpatico, una famiglia che si prende cura dei propri ospiti con amore e professionalit\u00e0!<\/u><\/b> Un\u2019esperienza da non perdere quando si \u00e8 da <span style=\"background-color: rgba(255, 255, 255, 0); color: var(--body_typography-color); font-family: var(--body_typography-font-family); font-size: var(--body_typography-font-size); font-style: var(--body_typography-font-style,normal); font-weight: var(--body_typography-font-weight); letter-spacing: var(--body_typography-letter-spacing);\">queste parti. Grazie a <\/span><span style=\"background-color: rgba(255, 255, 255, 0); color: var(--body_typography-color); font-family: var(--body_typography-font-family); font-size: var(--body_typography-font-size); font-style: var(--body_typography-font-style,normal); letter-spacing: var(--body_typography-letter-spacing);\"><b>Susy Ceraudo e Roberto Ceraudo per il loro tempo dedicato a me!<\/b><\/span><\/p>\n<\/div><\/div><\/div><\/div><\/div><div class=\"fusion-fullwidth fullwidth-box fusion-builder-row-17 fusion-flex-container nonhundred-percent-fullwidth non-hundred-percent-height-scrolling\" style=\"--awb-border-radius-top-left:0px;--awb-border-radius-top-right:0px;--awb-border-radius-bottom-right:0px;--awb-border-radius-bottom-left:0px;--awb-padding-top:0%;--awb-padding-right:10%;--awb-padding-bottom:0%;--awb-padding-left:10%;--awb-margin-top:0px;--awb-flex-wrap:wrap;\" ><div class=\"fusion-builder-row fusion-row fusion-flex-align-items-flex-start fusion-flex-content-wrap\" style=\"max-width:1320.8px;margin-left: calc(-4% \/ 2 );margin-right: calc(-4% \/ 2 );\"><div class=\"fusion-layout-column fusion_builder_column fusion-builder-column-20 fusion_builder_column_1_1 1_1 fusion-flex-column\" style=\"--awb-bg-size:cover;--awb-width-large:100%;--awb-margin-top-large:0px;--awb-spacing-right-large:1.92%;--awb-margin-bottom-large:0px;--awb-spacing-left-large:1.92%;--awb-width-medium:100%;--awb-order-medium:0;--awb-spacing-right-medium:1.92%;--awb-spacing-left-medium:1.92%;--awb-width-small:100%;--awb-order-small:0;--awb-spacing-right-small:1.92%;--awb-spacing-left-small:1.92%;\"><div class=\"fusion-column-wrapper fusion-column-has-shadow fusion-flex-justify-content-flex-start fusion-content-layout-column\"><div class=\"fusion-image-carousel fusion-image-carousel-auto fusion-image-carousel-6 fusion-carousel-border\"><div class=\"awb-carousel awb-swiper awb-swiper-carousel\" data-autoplay=\"no\" data-columns=\"3\" data-itemmargin=\"13\" data-itemwidth=\"180\" data-touchscroll=\"no\" data-imagesize=\"auto\" style=\"--awb-columns:3;\"><div class=\"swiper-wrapper awb-image-carousel-wrapper fusion-flex-align-items-center\"><div class=\"swiper-slide\"><div class=\"fusion-carousel-item-wrapper\"><div class=\"fusion-image-wrapper hover-type-none\"><img decoding=\"async\" width=\"1280\" height=\"1707\" src=\"https:\/\/urlaub-an-der-stiefelspitze.com\/wp-content\/uploads\/2022\/01\/l0Hcbm8.jpg\" class=\"attachment-full size-full lazyload\" alt=\"\" srcset=\"data:image\/svg+xml,%3Csvg%20xmlns%3D%27http%3A%2F%2Fwww.w3.org%2F2000%2Fsvg%27%20width%3D%271280%27%20height%3D%271707%27%20viewBox%3D%270%200%201280%201707%27%3E%3Crect%20width%3D%271280%27%20height%3D%271707%27%20fill-opacity%3D%220%22%2F%3E%3C%2Fsvg%3E\" data-orig-src=\"https:\/\/urlaub-an-der-stiefelspitze.com\/wp-content\/uploads\/2022\/01\/l0Hcbm8.jpg\" data-srcset=\"https:\/\/urlaub-an-der-stiefelspitze.com\/wp-content\/uploads\/2022\/01\/l0Hcbm8-200x267.jpg 200w, https:\/\/urlaub-an-der-stiefelspitze.com\/wp-content\/uploads\/2022\/01\/l0Hcbm8-400x533.jpg 400w, https:\/\/urlaub-an-der-stiefelspitze.com\/wp-content\/uploads\/2022\/01\/l0Hcbm8-600x800.jpg 600w, https:\/\/urlaub-an-der-stiefelspitze.com\/wp-content\/uploads\/2022\/01\/l0Hcbm8-800x1067.jpg 800w, https:\/\/urlaub-an-der-stiefelspitze.com\/wp-content\/uploads\/2022\/01\/l0Hcbm8-1200x1600.jpg 1200w, https:\/\/urlaub-an-der-stiefelspitze.com\/wp-content\/uploads\/2022\/01\/l0Hcbm8.jpg 1280w\" data-sizes=\"auto\" \/><\/div><\/div><\/div><div class=\"swiper-slide\"><div class=\"fusion-carousel-item-wrapper\"><div class=\"fusion-image-wrapper hover-type-none\"><img decoding=\"async\" width=\"1280\" height=\"1707\" src=\"https:\/\/urlaub-an-der-stiefelspitze.com\/wp-content\/uploads\/2022\/01\/wnsRR6n.jpg\" class=\"attachment-full size-full lazyload\" alt=\"\" srcset=\"data:image\/svg+xml,%3Csvg%20xmlns%3D%27http%3A%2F%2Fwww.w3.org%2F2000%2Fsvg%27%20width%3D%271280%27%20height%3D%271707%27%20viewBox%3D%270%200%201280%201707%27%3E%3Crect%20width%3D%271280%27%20height%3D%271707%27%20fill-opacity%3D%220%22%2F%3E%3C%2Fsvg%3E\" data-orig-src=\"https:\/\/urlaub-an-der-stiefelspitze.com\/wp-content\/uploads\/2022\/01\/wnsRR6n.jpg\" data-srcset=\"https:\/\/urlaub-an-der-stiefelspitze.com\/wp-content\/uploads\/2022\/01\/wnsRR6n-200x267.jpg 200w, https:\/\/urlaub-an-der-stiefelspitze.com\/wp-content\/uploads\/2022\/01\/wnsRR6n-400x533.jpg 400w, https:\/\/urlaub-an-der-stiefelspitze.com\/wp-content\/uploads\/2022\/01\/wnsRR6n-600x800.jpg 600w, https:\/\/urlaub-an-der-stiefelspitze.com\/wp-content\/uploads\/2022\/01\/wnsRR6n-800x1067.jpg 800w, https:\/\/urlaub-an-der-stiefelspitze.com\/wp-content\/uploads\/2022\/01\/wnsRR6n-1200x1600.jpg 1200w, https:\/\/urlaub-an-der-stiefelspitze.com\/wp-content\/uploads\/2022\/01\/wnsRR6n.jpg 1280w\" data-sizes=\"auto\" \/><\/div><\/div><\/div><div class=\"swiper-slide\"><div class=\"fusion-carousel-item-wrapper\"><div class=\"fusion-image-wrapper hover-type-none\"><img decoding=\"async\" width=\"1280\" height=\"1707\" src=\"https:\/\/urlaub-an-der-stiefelspitze.com\/wp-content\/uploads\/2022\/01\/pQEv0ca.jpg\" class=\"attachment-full size-full lazyload\" alt=\"\" srcset=\"data:image\/svg+xml,%3Csvg%20xmlns%3D%27http%3A%2F%2Fwww.w3.org%2F2000%2Fsvg%27%20width%3D%271280%27%20height%3D%271707%27%20viewBox%3D%270%200%201280%201707%27%3E%3Crect%20width%3D%271280%27%20height%3D%271707%27%20fill-opacity%3D%220%22%2F%3E%3C%2Fsvg%3E\" data-orig-src=\"https:\/\/urlaub-an-der-stiefelspitze.com\/wp-content\/uploads\/2022\/01\/pQEv0ca.jpg\" data-srcset=\"https:\/\/urlaub-an-der-stiefelspitze.com\/wp-content\/uploads\/2022\/01\/pQEv0ca-200x267.jpg 200w, https:\/\/urlaub-an-der-stiefelspitze.com\/wp-content\/uploads\/2022\/01\/pQEv0ca-400x533.jpg 400w, https:\/\/urlaub-an-der-stiefelspitze.com\/wp-content\/uploads\/2022\/01\/pQEv0ca-600x800.jpg 600w, https:\/\/urlaub-an-der-stiefelspitze.com\/wp-content\/uploads\/2022\/01\/pQEv0ca-800x1067.jpg 800w, https:\/\/urlaub-an-der-stiefelspitze.com\/wp-content\/uploads\/2022\/01\/pQEv0ca-1200x1600.jpg 1200w, https:\/\/urlaub-an-der-stiefelspitze.com\/wp-content\/uploads\/2022\/01\/pQEv0ca.jpg 1280w\" data-sizes=\"auto\" \/><\/div><\/div><\/div><div class=\"swiper-slide\"><div class=\"fusion-carousel-item-wrapper\"><div class=\"fusion-image-wrapper hover-type-none\"><img decoding=\"async\" width=\"1280\" height=\"1707\" src=\"https:\/\/urlaub-an-der-stiefelspitze.com\/wp-content\/uploads\/2022\/01\/Detrrt7.jpg\" class=\"attachment-full size-full lazyload\" alt=\"\" srcset=\"data:image\/svg+xml,%3Csvg%20xmlns%3D%27http%3A%2F%2Fwww.w3.org%2F2000%2Fsvg%27%20width%3D%271280%27%20height%3D%271707%27%20viewBox%3D%270%200%201280%201707%27%3E%3Crect%20width%3D%271280%27%20height%3D%271707%27%20fill-opacity%3D%220%22%2F%3E%3C%2Fsvg%3E\" data-orig-src=\"https:\/\/urlaub-an-der-stiefelspitze.com\/wp-content\/uploads\/2022\/01\/Detrrt7.jpg\" data-srcset=\"https:\/\/urlaub-an-der-stiefelspitze.com\/wp-content\/uploads\/2022\/01\/Detrrt7-200x267.jpg 200w, https:\/\/urlaub-an-der-stiefelspitze.com\/wp-content\/uploads\/2022\/01\/Detrrt7-400x533.jpg 400w, https:\/\/urlaub-an-der-stiefelspitze.com\/wp-content\/uploads\/2022\/01\/Detrrt7-600x800.jpg 600w, https:\/\/urlaub-an-der-stiefelspitze.com\/wp-content\/uploads\/2022\/01\/Detrrt7-800x1067.jpg 800w, https:\/\/urlaub-an-der-stiefelspitze.com\/wp-content\/uploads\/2022\/01\/Detrrt7-1200x1600.jpg 1200w, https:\/\/urlaub-an-der-stiefelspitze.com\/wp-content\/uploads\/2022\/01\/Detrrt7.jpg 1280w\" data-sizes=\"auto\" \/><\/div><\/div><\/div><div class=\"swiper-slide\"><div class=\"fusion-carousel-item-wrapper\"><div class=\"fusion-image-wrapper hover-type-none\"><img decoding=\"async\" width=\"1280\" height=\"1707\" src=\"https:\/\/urlaub-an-der-stiefelspitze.com\/wp-content\/uploads\/2022\/01\/hWr15vD.jpg\" class=\"attachment-full size-full lazyload\" alt=\"\" srcset=\"data:image\/svg+xml,%3Csvg%20xmlns%3D%27http%3A%2F%2Fwww.w3.org%2F2000%2Fsvg%27%20width%3D%271280%27%20height%3D%271707%27%20viewBox%3D%270%200%201280%201707%27%3E%3Crect%20width%3D%271280%27%20height%3D%271707%27%20fill-opacity%3D%220%22%2F%3E%3C%2Fsvg%3E\" data-orig-src=\"https:\/\/urlaub-an-der-stiefelspitze.com\/wp-content\/uploads\/2022\/01\/hWr15vD.jpg\" data-srcset=\"https:\/\/urlaub-an-der-stiefelspitze.com\/wp-content\/uploads\/2022\/01\/hWr15vD-200x267.jpg 200w, https:\/\/urlaub-an-der-stiefelspitze.com\/wp-content\/uploads\/2022\/01\/hWr15vD-400x533.jpg 400w, https:\/\/urlaub-an-der-stiefelspitze.com\/wp-content\/uploads\/2022\/01\/hWr15vD-600x800.jpg 600w, https:\/\/urlaub-an-der-stiefelspitze.com\/wp-content\/uploads\/2022\/01\/hWr15vD-800x1067.jpg 800w, https:\/\/urlaub-an-der-stiefelspitze.com\/wp-content\/uploads\/2022\/01\/hWr15vD-1200x1600.jpg 1200w, https:\/\/urlaub-an-der-stiefelspitze.com\/wp-content\/uploads\/2022\/01\/hWr15vD.jpg 1280w\" data-sizes=\"auto\" \/><\/div><\/div><\/div><div class=\"swiper-slide\"><div class=\"fusion-carousel-item-wrapper\"><div class=\"fusion-image-wrapper hover-type-none\"><img decoding=\"async\" width=\"1280\" height=\"1707\" src=\"https:\/\/urlaub-an-der-stiefelspitze.com\/wp-content\/uploads\/2022\/01\/Jk1ENxX.jpg\" class=\"attachment-full size-full lazyload\" alt=\"\" srcset=\"data:image\/svg+xml,%3Csvg%20xmlns%3D%27http%3A%2F%2Fwww.w3.org%2F2000%2Fsvg%27%20width%3D%271280%27%20height%3D%271707%27%20viewBox%3D%270%200%201280%201707%27%3E%3Crect%20width%3D%271280%27%20height%3D%271707%27%20fill-opacity%3D%220%22%2F%3E%3C%2Fsvg%3E\" data-orig-src=\"https:\/\/urlaub-an-der-stiefelspitze.com\/wp-content\/uploads\/2022\/01\/Jk1ENxX.jpg\" data-srcset=\"https:\/\/urlaub-an-der-stiefelspitze.com\/wp-content\/uploads\/2022\/01\/Jk1ENxX-200x267.jpg 200w, https:\/\/urlaub-an-der-stiefelspitze.com\/wp-content\/uploads\/2022\/01\/Jk1ENxX-400x533.jpg 400w, https:\/\/urlaub-an-der-stiefelspitze.com\/wp-content\/uploads\/2022\/01\/Jk1ENxX-600x800.jpg 600w, https:\/\/urlaub-an-der-stiefelspitze.com\/wp-content\/uploads\/2022\/01\/Jk1ENxX-800x1067.jpg 800w, https:\/\/urlaub-an-der-stiefelspitze.com\/wp-content\/uploads\/2022\/01\/Jk1ENxX-1200x1600.jpg 1200w, https:\/\/urlaub-an-der-stiefelspitze.com\/wp-content\/uploads\/2022\/01\/Jk1ENxX.jpg 1280w\" data-sizes=\"auto\" \/><\/div><\/div><\/div><div class=\"swiper-slide\"><div class=\"fusion-carousel-item-wrapper\"><div class=\"fusion-image-wrapper hover-type-none\"><img decoding=\"async\" width=\"1280\" height=\"1707\" src=\"https:\/\/urlaub-an-der-stiefelspitze.com\/wp-content\/uploads\/2022\/01\/jdAj6BG.jpg\" class=\"attachment-full size-full lazyload\" alt=\"\" srcset=\"data:image\/svg+xml,%3Csvg%20xmlns%3D%27http%3A%2F%2Fwww.w3.org%2F2000%2Fsvg%27%20width%3D%271280%27%20height%3D%271707%27%20viewBox%3D%270%200%201280%201707%27%3E%3Crect%20width%3D%271280%27%20height%3D%271707%27%20fill-opacity%3D%220%22%2F%3E%3C%2Fsvg%3E\" data-orig-src=\"https:\/\/urlaub-an-der-stiefelspitze.com\/wp-content\/uploads\/2022\/01\/jdAj6BG.jpg\" data-srcset=\"https:\/\/urlaub-an-der-stiefelspitze.com\/wp-content\/uploads\/2022\/01\/jdAj6BG-200x267.jpg 200w, https:\/\/urlaub-an-der-stiefelspitze.com\/wp-content\/uploads\/2022\/01\/jdAj6BG-400x533.jpg 400w, https:\/\/urlaub-an-der-stiefelspitze.com\/wp-content\/uploads\/2022\/01\/jdAj6BG-600x800.jpg 600w, https:\/\/urlaub-an-der-stiefelspitze.com\/wp-content\/uploads\/2022\/01\/jdAj6BG-800x1067.jpg 800w, https:\/\/urlaub-an-der-stiefelspitze.com\/wp-content\/uploads\/2022\/01\/jdAj6BG-1200x1600.jpg 1200w, https:\/\/urlaub-an-der-stiefelspitze.com\/wp-content\/uploads\/2022\/01\/jdAj6BG.jpg 1280w\" data-sizes=\"auto\" \/><\/div><\/div><\/div><div class=\"swiper-slide\"><div class=\"fusion-carousel-item-wrapper\"><div class=\"fusion-image-wrapper hover-type-none\"><img decoding=\"async\" width=\"1280\" height=\"1707\" src=\"https:\/\/urlaub-an-der-stiefelspitze.com\/wp-content\/uploads\/2022\/01\/dZq8zAI.jpg\" class=\"attachment-full size-full lazyload\" alt=\"\" srcset=\"data:image\/svg+xml,%3Csvg%20xmlns%3D%27http%3A%2F%2Fwww.w3.org%2F2000%2Fsvg%27%20width%3D%271280%27%20height%3D%271707%27%20viewBox%3D%270%200%201280%201707%27%3E%3Crect%20width%3D%271280%27%20height%3D%271707%27%20fill-opacity%3D%220%22%2F%3E%3C%2Fsvg%3E\" data-orig-src=\"https:\/\/urlaub-an-der-stiefelspitze.com\/wp-content\/uploads\/2022\/01\/dZq8zAI.jpg\" data-srcset=\"https:\/\/urlaub-an-der-stiefelspitze.com\/wp-content\/uploads\/2022\/01\/dZq8zAI-200x267.jpg 200w, https:\/\/urlaub-an-der-stiefelspitze.com\/wp-content\/uploads\/2022\/01\/dZq8zAI-400x533.jpg 400w, https:\/\/urlaub-an-der-stiefelspitze.com\/wp-content\/uploads\/2022\/01\/dZq8zAI-600x800.jpg 600w, https:\/\/urlaub-an-der-stiefelspitze.com\/wp-content\/uploads\/2022\/01\/dZq8zAI-800x1067.jpg 800w, https:\/\/urlaub-an-der-stiefelspitze.com\/wp-content\/uploads\/2022\/01\/dZq8zAI-1200x1600.jpg 1200w, https:\/\/urlaub-an-der-stiefelspitze.com\/wp-content\/uploads\/2022\/01\/dZq8zAI.jpg 1280w\" data-sizes=\"auto\" \/><\/div><\/div><\/div><div class=\"swiper-slide\"><div class=\"fusion-carousel-item-wrapper\"><div class=\"fusion-image-wrapper hover-type-none\"><img decoding=\"async\" width=\"1280\" height=\"1707\" src=\"https:\/\/urlaub-an-der-stiefelspitze.com\/wp-content\/uploads\/2022\/01\/SpxZfVr.jpg\" class=\"attachment-full size-full lazyload\" alt=\"\" srcset=\"data:image\/svg+xml,%3Csvg%20xmlns%3D%27http%3A%2F%2Fwww.w3.org%2F2000%2Fsvg%27%20width%3D%271280%27%20height%3D%271707%27%20viewBox%3D%270%200%201280%201707%27%3E%3Crect%20width%3D%271280%27%20height%3D%271707%27%20fill-opacity%3D%220%22%2F%3E%3C%2Fsvg%3E\" data-orig-src=\"https:\/\/urlaub-an-der-stiefelspitze.com\/wp-content\/uploads\/2022\/01\/SpxZfVr.jpg\" data-srcset=\"https:\/\/urlaub-an-der-stiefelspitze.com\/wp-content\/uploads\/2022\/01\/SpxZfVr-200x267.jpg 200w, https:\/\/urlaub-an-der-stiefelspitze.com\/wp-content\/uploads\/2022\/01\/SpxZfVr-400x533.jpg 400w, https:\/\/urlaub-an-der-stiefelspitze.com\/wp-content\/uploads\/2022\/01\/SpxZfVr-600x800.jpg 600w, https:\/\/urlaub-an-der-stiefelspitze.com\/wp-content\/uploads\/2022\/01\/SpxZfVr-800x1067.jpg 800w, https:\/\/urlaub-an-der-stiefelspitze.com\/wp-content\/uploads\/2022\/01\/SpxZfVr-1200x1600.jpg 1200w, https:\/\/urlaub-an-der-stiefelspitze.com\/wp-content\/uploads\/2022\/01\/SpxZfVr.jpg 1280w\" data-sizes=\"auto\" \/><\/div><\/div><\/div><\/div><div class=\"awb-swiper-button awb-swiper-button-prev\"><i class=\"awb-icon-angle-left\" aria-hidden=\"true\"><\/i><\/div><div class=\"awb-swiper-button awb-swiper-button-next\"><i class=\"awb-icon-angle-right\" aria-hidden=\"true\"><\/i><\/div><\/div><\/div><\/div><\/div><\/div><\/div><div class=\"fusion-fullwidth fullwidth-box fusion-builder-row-18 fusion-flex-container nonhundred-percent-fullwidth non-hundred-percent-height-scrolling\" style=\"--awb-border-radius-top-left:0px;--awb-border-radius-top-right:0px;--awb-border-radius-bottom-right:0px;--awb-border-radius-bottom-left:0px;--awb-padding-top:0%;--awb-padding-right:10%;--awb-padding-bottom:0%;--awb-padding-left:10%;--awb-flex-wrap:wrap;\" ><div class=\"fusion-builder-row fusion-row fusion-flex-align-items-flex-start fusion-flex-content-wrap\" style=\"max-width:1320.8px;margin-left: calc(-4% \/ 2 );margin-right: calc(-4% \/ 2 );\"><div class=\"fusion-layout-column fusion_builder_column fusion-builder-column-21 fusion_builder_column_1_1 1_1 fusion-flex-column\" style=\"--awb-bg-size:cover;--awb-width-large:100%;--awb-margin-top-large:0px;--awb-spacing-right-large:1.92%;--awb-margin-bottom-large:8px;--awb-spacing-left-large:1.92%;--awb-width-medium:100%;--awb-order-medium:0;--awb-spacing-right-medium:1.92%;--awb-spacing-left-medium:1.92%;--awb-width-small:100%;--awb-order-small:0;--awb-spacing-right-small:1.92%;--awb-spacing-left-small:1.92%;\"><div class=\"fusion-column-wrapper fusion-column-has-shadow fusion-flex-justify-content-flex-start fusion-content-layout-column\"><div class=\"fusion-title title fusion-title-10 fusion-sep-none fusion-title-text fusion-title-size-two\" style=\"--awb-margin-bottom:40px;--awb-font-size:31px;\"><h2 class=\"fusion-title-heading title-heading-left fusion-responsive-typography-calculated\" style=\"margin:0;font-size:1em;--fontSize:31;line-height:1.26;\">Strongoli<\/h2><\/div><div class=\"fusion-text fusion-text-10\"><p><b>Cosa ti avevo promesso? La Calabria si sta davvero svegliando, anche in termini di offerta di ospitalit\u00e0.<\/b> C&#8217;\u00e8 infatti un nuovo ed entusiasmante Albergo <span style=\"background-color: rgba(255, 255, 255, 0); color: var(--body_typography-color); font-family: var(--body_typography-font-family); font-size: var(--body_typography-font-size); font-style: var(--body_typography-font-style,normal); letter-spacing: var(--body_typography-letter-spacing);\"><b>Diffuso<\/b><\/span><span style=\"background-color: rgba(255, 255, 255, 0); color: var(--body_typography-color); font-family: var(--body_typography-font-family); font-size: var(--body_typography-font-size); font-style: var(--body_typography-font-style,normal); font-weight: var(--body_typography-font-weight); letter-spacing: var(--body_typography-letter-spacing);\"> a Strongoli, nel cuore del suo borgo storico: <a href=\"https:\/\/borgopetelia.it\/\" target=\"_blank\" rel=\"noopener noreferrer\">Borgo Petelia<\/a>. <u>Un\u2019offerta che ti permette di pernottare in dimore storiche, finemente ristrutturate.<\/u> <\/span><span style=\"background-color: rgba(255, 255, 255, 0); color: var(--body_typography-color); font-family: var(--body_typography-font-family); font-size: var(--body_typography-font-size); font-style: var(--body_typography-font-style,normal); font-weight: var(--body_typography-font-weight); letter-spacing: var(--body_typography-letter-spacing);\">La formula dell\u2019albergo diffuso \u00e8 emersa negli ultimi anni come nuovo concetto di ospitalit\u00e0 in Italia, oggi ben collaudata.<\/span><\/p>\n<p>Conosco molti Alberghi Diffusi, <b>ma Strongoli \u00e8 davvero speciale.<\/b> Questo \u00e8 sicuramente dovuto al bellissimo design degli interni e alla selezione accurata <span style=\"background-color: rgba(255, 255, 255, 0); color: var(--body_typography-color); font-family: var(--body_typography-font-family); font-size: var(--body_typography-font-size); font-style: var(--body_typography-font-style,normal); font-weight: var(--body_typography-font-weight); letter-spacing: var(--body_typography-letter-spacing);\">di mobili antichi restaurati, alle linee semplici e chiare e a un design che punta alla funzionalit\u00e0 senza fronzoli, caratterizzando tutti gli alloggi. <\/span><span style=\"background-color: rgba(255, 255, 255, 0); color: var(--body_typography-color); font-family: var(--body_typography-font-family); font-size: var(--body_typography-font-size); font-style: var(--body_typography-font-style,normal); font-weight: var(--body_typography-font-weight); letter-spacing: var(--body_typography-letter-spacing);\">Dormire in posti bellissimi \u00e8 per me stessa un regalo ogni volta che viaggio! Grazie a <\/span><span style=\"background-color: rgba(255, 255, 255, 0); color: var(--body_typography-color); font-family: var(--body_typography-font-family); font-size: var(--body_typography-font-size); font-style: var(--body_typography-font-style,normal); letter-spacing: var(--body_typography-letter-spacing);\"><b>Emiliana Brasacchio <\/b><\/span><span style=\"background-color: rgba(255, 255, 255, 0); color: var(--body_typography-color); font-family: var(--body_typography-font-family); font-size: var(--body_typography-font-size); font-style: var(--body_typography-font-style,normal); font-weight: var(--body_typography-font-weight); letter-spacing: var(--body_typography-letter-spacing);\">per la bellissima ospitalit\u00e0!<\/span><\/p>\n<\/div><\/div><\/div><\/div><\/div><div class=\"fusion-fullwidth fullwidth-box fusion-builder-row-19 fusion-flex-container nonhundred-percent-fullwidth non-hundred-percent-height-scrolling\" style=\"--awb-border-radius-top-left:0px;--awb-border-radius-top-right:0px;--awb-border-radius-bottom-right:0px;--awb-border-radius-bottom-left:0px;--awb-padding-top:0%;--awb-padding-right:10%;--awb-padding-bottom:0%;--awb-padding-left:10%;--awb-margin-top:0px;--awb-flex-wrap:wrap;\" ><div class=\"fusion-builder-row fusion-row fusion-flex-align-items-flex-start fusion-flex-content-wrap\" style=\"max-width:1320.8px;margin-left: calc(-4% \/ 2 );margin-right: calc(-4% \/ 2 );\"><div class=\"fusion-layout-column fusion_builder_column fusion-builder-column-22 fusion_builder_column_1_1 1_1 fusion-flex-column\" style=\"--awb-bg-size:cover;--awb-width-large:100%;--awb-margin-top-large:0px;--awb-spacing-right-large:1.92%;--awb-margin-bottom-large:0px;--awb-spacing-left-large:1.92%;--awb-width-medium:100%;--awb-order-medium:0;--awb-spacing-right-medium:1.92%;--awb-spacing-left-medium:1.92%;--awb-width-small:100%;--awb-order-small:0;--awb-spacing-right-small:1.92%;--awb-spacing-left-small:1.92%;\"><div class=\"fusion-column-wrapper fusion-column-has-shadow fusion-flex-justify-content-flex-start fusion-content-layout-column\"><div class=\"fusion-image-carousel fusion-image-carousel-auto fusion-image-carousel-7 fusion-carousel-border\"><div class=\"awb-carousel awb-swiper awb-swiper-carousel\" data-autoplay=\"no\" data-columns=\"3\" data-itemmargin=\"13\" data-itemwidth=\"180\" data-touchscroll=\"no\" data-imagesize=\"auto\" style=\"--awb-columns:3;\"><div class=\"swiper-wrapper awb-image-carousel-wrapper fusion-flex-align-items-center\"><div class=\"swiper-slide\"><div class=\"fusion-carousel-item-wrapper\"><div class=\"fusion-image-wrapper hover-type-none\"><img decoding=\"async\" width=\"1280\" height=\"1707\" src=\"https:\/\/urlaub-an-der-stiefelspitze.com\/wp-content\/uploads\/2022\/01\/BmG4IGA.jpg\" class=\"attachment-full size-full lazyload\" alt=\"\" srcset=\"data:image\/svg+xml,%3Csvg%20xmlns%3D%27http%3A%2F%2Fwww.w3.org%2F2000%2Fsvg%27%20width%3D%271280%27%20height%3D%271707%27%20viewBox%3D%270%200%201280%201707%27%3E%3Crect%20width%3D%271280%27%20height%3D%271707%27%20fill-opacity%3D%220%22%2F%3E%3C%2Fsvg%3E\" data-orig-src=\"https:\/\/urlaub-an-der-stiefelspitze.com\/wp-content\/uploads\/2022\/01\/BmG4IGA.jpg\" data-srcset=\"https:\/\/urlaub-an-der-stiefelspitze.com\/wp-content\/uploads\/2022\/01\/BmG4IGA-200x267.jpg 200w, https:\/\/urlaub-an-der-stiefelspitze.com\/wp-content\/uploads\/2022\/01\/BmG4IGA-400x533.jpg 400w, https:\/\/urlaub-an-der-stiefelspitze.com\/wp-content\/uploads\/2022\/01\/BmG4IGA-600x800.jpg 600w, https:\/\/urlaub-an-der-stiefelspitze.com\/wp-content\/uploads\/2022\/01\/BmG4IGA-800x1067.jpg 800w, https:\/\/urlaub-an-der-stiefelspitze.com\/wp-content\/uploads\/2022\/01\/BmG4IGA-1200x1600.jpg 1200w, https:\/\/urlaub-an-der-stiefelspitze.com\/wp-content\/uploads\/2022\/01\/BmG4IGA.jpg 1280w\" data-sizes=\"auto\" \/><\/div><\/div><\/div><div class=\"swiper-slide\"><div class=\"fusion-carousel-item-wrapper\"><div class=\"fusion-image-wrapper hover-type-none\"><img decoding=\"async\" width=\"1280\" height=\"1707\" src=\"https:\/\/urlaub-an-der-stiefelspitze.com\/wp-content\/uploads\/2022\/01\/HMdIuoI.jpg\" class=\"attachment-full size-full lazyload\" alt=\"\" srcset=\"data:image\/svg+xml,%3Csvg%20xmlns%3D%27http%3A%2F%2Fwww.w3.org%2F2000%2Fsvg%27%20width%3D%271280%27%20height%3D%271707%27%20viewBox%3D%270%200%201280%201707%27%3E%3Crect%20width%3D%271280%27%20height%3D%271707%27%20fill-opacity%3D%220%22%2F%3E%3C%2Fsvg%3E\" data-orig-src=\"https:\/\/urlaub-an-der-stiefelspitze.com\/wp-content\/uploads\/2022\/01\/HMdIuoI.jpg\" data-srcset=\"https:\/\/urlaub-an-der-stiefelspitze.com\/wp-content\/uploads\/2022\/01\/HMdIuoI-200x267.jpg 200w, https:\/\/urlaub-an-der-stiefelspitze.com\/wp-content\/uploads\/2022\/01\/HMdIuoI-400x533.jpg 400w, https:\/\/urlaub-an-der-stiefelspitze.com\/wp-content\/uploads\/2022\/01\/HMdIuoI-600x800.jpg 600w, https:\/\/urlaub-an-der-stiefelspitze.com\/wp-content\/uploads\/2022\/01\/HMdIuoI-800x1067.jpg 800w, https:\/\/urlaub-an-der-stiefelspitze.com\/wp-content\/uploads\/2022\/01\/HMdIuoI-1200x1600.jpg 1200w, https:\/\/urlaub-an-der-stiefelspitze.com\/wp-content\/uploads\/2022\/01\/HMdIuoI.jpg 1280w\" data-sizes=\"auto\" \/><\/div><\/div><\/div><div class=\"swiper-slide\"><div class=\"fusion-carousel-item-wrapper\"><div class=\"fusion-image-wrapper hover-type-none\"><img decoding=\"async\" width=\"1280\" height=\"1707\" src=\"https:\/\/urlaub-an-der-stiefelspitze.com\/wp-content\/uploads\/2022\/01\/8Oxg0ZZ.jpg\" class=\"attachment-full size-full lazyload\" alt=\"\" srcset=\"data:image\/svg+xml,%3Csvg%20xmlns%3D%27http%3A%2F%2Fwww.w3.org%2F2000%2Fsvg%27%20width%3D%271280%27%20height%3D%271707%27%20viewBox%3D%270%200%201280%201707%27%3E%3Crect%20width%3D%271280%27%20height%3D%271707%27%20fill-opacity%3D%220%22%2F%3E%3C%2Fsvg%3E\" data-orig-src=\"https:\/\/urlaub-an-der-stiefelspitze.com\/wp-content\/uploads\/2022\/01\/8Oxg0ZZ.jpg\" data-srcset=\"https:\/\/urlaub-an-der-stiefelspitze.com\/wp-content\/uploads\/2022\/01\/8Oxg0ZZ-200x267.jpg 200w, https:\/\/urlaub-an-der-stiefelspitze.com\/wp-content\/uploads\/2022\/01\/8Oxg0ZZ-400x533.jpg 400w, https:\/\/urlaub-an-der-stiefelspitze.com\/wp-content\/uploads\/2022\/01\/8Oxg0ZZ-600x800.jpg 600w, https:\/\/urlaub-an-der-stiefelspitze.com\/wp-content\/uploads\/2022\/01\/8Oxg0ZZ-800x1067.jpg 800w, https:\/\/urlaub-an-der-stiefelspitze.com\/wp-content\/uploads\/2022\/01\/8Oxg0ZZ-1200x1600.jpg 1200w, https:\/\/urlaub-an-der-stiefelspitze.com\/wp-content\/uploads\/2022\/01\/8Oxg0ZZ.jpg 1280w\" data-sizes=\"auto\" \/><\/div><\/div><\/div><div class=\"swiper-slide\"><div class=\"fusion-carousel-item-wrapper\"><div class=\"fusion-image-wrapper hover-type-none\"><img decoding=\"async\" width=\"1280\" height=\"1707\" src=\"https:\/\/urlaub-an-der-stiefelspitze.com\/wp-content\/uploads\/2022\/01\/AkYHo9l.jpg\" class=\"attachment-full size-full lazyload\" alt=\"\" srcset=\"data:image\/svg+xml,%3Csvg%20xmlns%3D%27http%3A%2F%2Fwww.w3.org%2F2000%2Fsvg%27%20width%3D%271280%27%20height%3D%271707%27%20viewBox%3D%270%200%201280%201707%27%3E%3Crect%20width%3D%271280%27%20height%3D%271707%27%20fill-opacity%3D%220%22%2F%3E%3C%2Fsvg%3E\" data-orig-src=\"https:\/\/urlaub-an-der-stiefelspitze.com\/wp-content\/uploads\/2022\/01\/AkYHo9l.jpg\" data-srcset=\"https:\/\/urlaub-an-der-stiefelspitze.com\/wp-content\/uploads\/2022\/01\/AkYHo9l-200x267.jpg 200w, https:\/\/urlaub-an-der-stiefelspitze.com\/wp-content\/uploads\/2022\/01\/AkYHo9l-400x533.jpg 400w, https:\/\/urlaub-an-der-stiefelspitze.com\/wp-content\/uploads\/2022\/01\/AkYHo9l-600x800.jpg 600w, https:\/\/urlaub-an-der-stiefelspitze.com\/wp-content\/uploads\/2022\/01\/AkYHo9l-800x1067.jpg 800w, https:\/\/urlaub-an-der-stiefelspitze.com\/wp-content\/uploads\/2022\/01\/AkYHo9l-1200x1600.jpg 1200w, https:\/\/urlaub-an-der-stiefelspitze.com\/wp-content\/uploads\/2022\/01\/AkYHo9l.jpg 1280w\" data-sizes=\"auto\" \/><\/div><\/div><\/div><div class=\"swiper-slide\"><div class=\"fusion-carousel-item-wrapper\"><div class=\"fusion-image-wrapper hover-type-none\"><img decoding=\"async\" width=\"1280\" height=\"1707\" src=\"https:\/\/urlaub-an-der-stiefelspitze.com\/wp-content\/uploads\/2022\/01\/BBWoFUv.jpg\" class=\"attachment-full size-full lazyload\" alt=\"\" srcset=\"data:image\/svg+xml,%3Csvg%20xmlns%3D%27http%3A%2F%2Fwww.w3.org%2F2000%2Fsvg%27%20width%3D%271280%27%20height%3D%271707%27%20viewBox%3D%270%200%201280%201707%27%3E%3Crect%20width%3D%271280%27%20height%3D%271707%27%20fill-opacity%3D%220%22%2F%3E%3C%2Fsvg%3E\" data-orig-src=\"https:\/\/urlaub-an-der-stiefelspitze.com\/wp-content\/uploads\/2022\/01\/BBWoFUv.jpg\" data-srcset=\"https:\/\/urlaub-an-der-stiefelspitze.com\/wp-content\/uploads\/2022\/01\/BBWoFUv-200x267.jpg 200w, https:\/\/urlaub-an-der-stiefelspitze.com\/wp-content\/uploads\/2022\/01\/BBWoFUv-400x533.jpg 400w, https:\/\/urlaub-an-der-stiefelspitze.com\/wp-content\/uploads\/2022\/01\/BBWoFUv-600x800.jpg 600w, https:\/\/urlaub-an-der-stiefelspitze.com\/wp-content\/uploads\/2022\/01\/BBWoFUv-800x1067.jpg 800w, https:\/\/urlaub-an-der-stiefelspitze.com\/wp-content\/uploads\/2022\/01\/BBWoFUv-1200x1600.jpg 1200w, https:\/\/urlaub-an-der-stiefelspitze.com\/wp-content\/uploads\/2022\/01\/BBWoFUv.jpg 1280w\" data-sizes=\"auto\" \/><\/div><\/div><\/div><div class=\"swiper-slide\"><div class=\"fusion-carousel-item-wrapper\"><div class=\"fusion-image-wrapper hover-type-none\"><img decoding=\"async\" width=\"1280\" height=\"1707\" src=\"https:\/\/urlaub-an-der-stiefelspitze.com\/wp-content\/uploads\/2022\/01\/GNCWVeQ.jpg\" class=\"attachment-full size-full lazyload\" alt=\"\" srcset=\"data:image\/svg+xml,%3Csvg%20xmlns%3D%27http%3A%2F%2Fwww.w3.org%2F2000%2Fsvg%27%20width%3D%271280%27%20height%3D%271707%27%20viewBox%3D%270%200%201280%201707%27%3E%3Crect%20width%3D%271280%27%20height%3D%271707%27%20fill-opacity%3D%220%22%2F%3E%3C%2Fsvg%3E\" data-orig-src=\"https:\/\/urlaub-an-der-stiefelspitze.com\/wp-content\/uploads\/2022\/01\/GNCWVeQ.jpg\" data-srcset=\"https:\/\/urlaub-an-der-stiefelspitze.com\/wp-content\/uploads\/2022\/01\/GNCWVeQ-200x267.jpg 200w, https:\/\/urlaub-an-der-stiefelspitze.com\/wp-content\/uploads\/2022\/01\/GNCWVeQ-400x533.jpg 400w, https:\/\/urlaub-an-der-stiefelspitze.com\/wp-content\/uploads\/2022\/01\/GNCWVeQ-600x800.jpg 600w, https:\/\/urlaub-an-der-stiefelspitze.com\/wp-content\/uploads\/2022\/01\/GNCWVeQ-800x1067.jpg 800w, https:\/\/urlaub-an-der-stiefelspitze.com\/wp-content\/uploads\/2022\/01\/GNCWVeQ-1200x1600.jpg 1200w, https:\/\/urlaub-an-der-stiefelspitze.com\/wp-content\/uploads\/2022\/01\/GNCWVeQ.jpg 1280w\" data-sizes=\"auto\" \/><\/div><\/div><\/div><\/div><div class=\"awb-swiper-button awb-swiper-button-prev\"><i class=\"awb-icon-angle-left\" aria-hidden=\"true\"><\/i><\/div><div class=\"awb-swiper-button awb-swiper-button-next\"><i class=\"awb-icon-angle-right\" aria-hidden=\"true\"><\/i><\/div><\/div><\/div><\/div><\/div><\/div><\/div><div class=\"fusion-fullwidth fullwidth-box fusion-builder-row-20 fusion-flex-container nonhundred-percent-fullwidth non-hundred-percent-height-scrolling\" style=\"--awb-border-radius-top-left:0px;--awb-border-radius-top-right:0px;--awb-border-radius-bottom-right:0px;--awb-border-radius-bottom-left:0px;--awb-padding-top:0%;--awb-padding-right:10%;--awb-padding-left:10%;--awb-flex-wrap:wrap;\" ><div class=\"fusion-builder-row fusion-row fusion-flex-align-items-flex-start fusion-flex-content-wrap\" style=\"max-width:1320.8px;margin-left: calc(-4% \/ 2 );margin-right: calc(-4% \/ 2 );\"><div class=\"fusion-layout-column fusion_builder_column fusion-builder-column-23 fusion_builder_column_1_1 1_1 fusion-flex-column\" style=\"--awb-bg-size:cover;--awb-width-large:100%;--awb-margin-top-large:0px;--awb-spacing-right-large:1.92%;--awb-margin-bottom-large:25px;--awb-spacing-left-large:1.92%;--awb-width-medium:100%;--awb-order-medium:0;--awb-spacing-right-medium:1.92%;--awb-spacing-left-medium:1.92%;--awb-width-small:100%;--awb-order-small:0;--awb-spacing-right-small:1.92%;--awb-spacing-left-small:1.92%;\"><div class=\"fusion-column-wrapper fusion-column-has-shadow fusion-flex-justify-content-flex-start fusion-content-layout-column\"><div class=\"fusion-title title fusion-title-11 fusion-sep-none fusion-title-text fusion-title-size-two\" style=\"--awb-margin-bottom:40px;--awb-font-size:31px;\"><h2 class=\"fusion-title-heading title-heading-left fusion-responsive-typography-calculated\" style=\"margin:0;font-size:1em;--fontSize:31;line-height:1.26;\">Calanchi del Marchesato und Termine Grosso<\/h2><\/div><div class=\"fusion-image-element \" style=\"--awb-caption-title-font-family:var(--h2_typography-font-family);--awb-caption-title-font-weight:var(--h2_typography-font-weight);--awb-caption-title-font-style:var(--h2_typography-font-style);--awb-caption-title-size:var(--h2_typography-font-size);--awb-caption-title-transform:var(--h2_typography-text-transform);--awb-caption-title-line-height:var(--h2_typography-line-height);--awb-caption-title-letter-spacing:var(--h2_typography-letter-spacing);\"><span class=\" fusion-imageframe imageframe-none imageframe-10 hover-type-none\"><img decoding=\"async\" width=\"1280\" height=\"1064\" title=\"YIBuO1y\" src=\"https:\/\/urlaub-an-der-stiefelspitze.com\/wp-content\/uploads\/2022\/01\/YIBuO1y.jpg\" data-orig-src=\"https:\/\/urlaub-an-der-stiefelspitze.com\/wp-content\/uploads\/2022\/01\/YIBuO1y.jpg\" alt class=\"lazyload img-responsive wp-image-3323\" srcset=\"data:image\/svg+xml,%3Csvg%20xmlns%3D%27http%3A%2F%2Fwww.w3.org%2F2000%2Fsvg%27%20width%3D%271280%27%20height%3D%271064%27%20viewBox%3D%270%200%201280%201064%27%3E%3Crect%20width%3D%271280%27%20height%3D%271064%27%20fill-opacity%3D%220%22%2F%3E%3C%2Fsvg%3E\" data-srcset=\"https:\/\/urlaub-an-der-stiefelspitze.com\/wp-content\/uploads\/2022\/01\/YIBuO1y-200x166.jpg 200w, https:\/\/urlaub-an-der-stiefelspitze.com\/wp-content\/uploads\/2022\/01\/YIBuO1y-400x333.jpg 400w, https:\/\/urlaub-an-der-stiefelspitze.com\/wp-content\/uploads\/2022\/01\/YIBuO1y-600x499.jpg 600w, https:\/\/urlaub-an-der-stiefelspitze.com\/wp-content\/uploads\/2022\/01\/YIBuO1y-800x665.jpg 800w, https:\/\/urlaub-an-der-stiefelspitze.com\/wp-content\/uploads\/2022\/01\/YIBuO1y-1200x998.jpg 1200w, https:\/\/urlaub-an-der-stiefelspitze.com\/wp-content\/uploads\/2022\/01\/YIBuO1y.jpg 1280w\" data-sizes=\"auto\" data-orig-sizes=\"(max-width: 1024px) 100vw, (max-width: 640px) 100vw, 1280px\" \/><\/span><\/div><div class=\"fusion-separator fusion-full-width-sep\" style=\"align-self: center;margin-left: auto;margin-right: auto;flex-grow:10;margin-top:20px;margin-bottom:20px;width:100%;\"><\/div><div class=\"fusion-text fusion-text-11\"><p><b>Se dovessimo immaginare un posto dove poter girare un film western, questo sarebbe il set cinematografico perfetto. <\/b><span style=\"background-color: rgba(255, 255, 255, 0); color: var(--body_typography-color); font-family: var(--body_typography-font-family); font-size: var(--body_typography-font-size); font-style: var(--body_typography-font-style,normal); font-weight: var(--body_typography-font-weight); letter-spacing: var(--body_typography-letter-spacing);\">Distese di terra infinite, colline aspre e tuttavia in qualche modo calde dalle forme morbide, allineate in un paesaggio lunare senza fine. <\/span><span style=\"background-color: rgba(255, 255, 255, 0); color: var(--body_typography-color); font-family: var(--body_typography-font-family); font-size: var(--body_typography-font-size); font-style: var(--body_typography-font-style,normal); font-weight: var(--body_typography-font-weight); letter-spacing: var(--body_typography-letter-spacing);\">Grigio, marrone, giallo, arancione: questi i colori, accecanti, della mia visita a luglio. Sole e nuvole giocano con i meravigliosi paesaggi colorati! <\/span><span style=\"background-color: rgba(255, 255, 255, 0); color: var(--body_typography-color); font-family: var(--body_typography-font-family); font-size: var(--body_typography-font-size); font-style: var(--body_typography-font-style,normal); font-weight: var(--body_typography-font-weight); letter-spacing: var(--body_typography-letter-spacing);\">In primavera domina il verde, per la prima volta un paesaggio impressionantemente vuoto quando nell&#8217;autunno 2020 passavo da qui in direzione sud <\/span><span style=\"background-color: rgba(255, 255, 255, 0); color: var(--body_typography-color); font-family: var(--body_typography-font-family); font-size: var(--body_typography-font-size); font-style: var(--body_typography-font-style,normal); font-weight: var(--body_typography-font-weight); letter-spacing: var(--body_typography-letter-spacing);\">della Sila.<\/span><\/p>\n<p>Siamo tra Cutro e Roccabernarda e qui da una protesta contro la costruzione di una discarica (denaro, denaro &#8230;), un grande gruppo di persone <span style=\"background-color: rgba(255, 255, 255, 0); color: var(--body_typography-color); font-family: var(--body_typography-font-family); font-size: var(--body_typography-font-size); font-style: var(--body_typography-font-style,normal); font-weight: var(--body_typography-font-weight); letter-spacing: var(--body_typography-letter-spacing);\">impegnate ed entusiaste si \u00e8 riunito per fare di quest\u2019area qualcosa di completamente diverso: un viaggio nella storia di questo Mediterraneo. La <\/span><span style=\"background-color: rgba(255, 255, 255, 0); color: var(--body_typography-color); font-family: var(--body_typography-font-family); font-size: var(--body_typography-font-size); font-style: var(--body_typography-font-style,normal); font-weight: var(--body_typography-font-weight); letter-spacing: var(--body_typography-letter-spacing);\">professionalit\u00e0, la preparazione e soprattutto l&#8217;amore per la propria casa: un\u2019intensit\u00e0 che si avverte subito! <\/span><b><span style=\"background-color: rgba(255, 255, 255, 0); color: var(--body_typography-color); font-family: var(--body_typography-font-family); font-size: var(--body_typography-font-size); font-style: var(--body_typography-font-style,normal); letter-spacing: var(--body_typography-letter-spacing);\">Grazie Alessia Nicolazzi e tutto il gruppo per <\/span><span style=\"background-color: rgba(255, 255, 255, 0); color: var(--body_typography-color); font-family: var(--body_typography-font-family); font-size: var(--body_typography-font-size); font-style: var(--body_typography-font-style,normal); letter-spacing: var(--body_typography-letter-spacing);\">avermi fatto vedere il vostro tesoro!<\/span><\/b><\/p>\n<p><a href=\"http:\/\/www.calanchidelmarchesato.it\/?fbclid=IwAR0BmYYBEs8AmF5geBd7uNgRXfBiv8Wy_ERilVFh8PeMp-egj6NiWTLyqzg\" target=\"_blank\" rel=\"noopener noreferrer\">Calanchi del Marchesato<\/a><\/p>\n<p><b>TERMINE GROSSO<\/b><\/p>\n<p>Ai piedi dei Calanchi si trova la cantina <a href=\"http:\/\/www.terminegrosso.com\/\" target=\"_blank\" rel=\"noopener noreferrer\">Termine Grosso<\/a>, dove abbiamo concluso questo tour incredibile e dove ho incontrato di nuovo Mariella <span style=\"background-color: rgba(255, 255, 255, 0); color: var(--body_typography-color); font-family: var(--body_typography-font-family); font-size: var(--body_typography-font-size); font-style: var(--body_typography-font-style,normal); letter-spacing: var(--body_typography-letter-spacing);\"><b>Camposano<\/b><\/span><span style=\"background-color: rgba(255, 255, 255, 0); color: var(--body_typography-color); font-family: var(--body_typography-font-family); font-size: var(--body_typography-font-size); font-style: var(--body_typography-font-style,normal); font-weight: var(--body_typography-font-weight); letter-spacing: var(--body_typography-letter-spacing);\"> una guida sicura per scoprire i migliori prodotti di quest\u2019area. <\/span><span style=\"background-color: rgba(255, 255, 255, 0); color: var(--body_typography-color); font-family: var(--body_typography-font-family); font-size: var(--body_typography-font-size); font-style: var(--body_typography-font-style,normal); font-weight: var(--body_typography-font-weight); letter-spacing: var(--body_typography-letter-spacing);\">Un viaggio nella produzione dell\u2019imponente cantina e, naturalmente, una degustazione. Grazie mille <\/span><span style=\"background-color: rgba(255, 255, 255, 0); color: var(--body_typography-color); font-family: var(--body_typography-font-family); font-size: var(--body_typography-font-size); font-style: var(--body_typography-font-style,normal); letter-spacing: var(--body_typography-letter-spacing);\"><b>Patrizia Tronca e Antonio Giglio<\/b><\/span><span style=\"background-color: rgba(255, 255, 255, 0); color: var(--body_typography-color); font-family: var(--body_typography-font-family); font-size: var(--body_typography-font-size); font-style: var(--body_typography-font-style,normal); font-weight: var(--body_typography-font-weight); letter-spacing: var(--body_typography-letter-spacing);\"> per il loro tempo e <\/span><span style=\"background-color: rgba(255, 255, 255, 0); color: var(--body_typography-color); font-family: var(--body_typography-font-family); font-size: var(--body_typography-font-size); font-style: var(--body_typography-font-style,normal); font-weight: var(--body_typography-font-weight); letter-spacing: var(--body_typography-letter-spacing);\">certamente i vini squisiti!<\/span><\/p>\n<p>E, come per tutto quello che ho fatto in questi giorni, non c&#8217;\u00e8 abbastanza tempo! Ma ho un nuovo rosato preferito e un fermo proposito: torner\u00f2, presto!<\/p>\n<p><b>E VOI? Quando venite nel Alto Crotonese con me?<\/b><\/p>\n<\/div><\/div><\/div><\/div><\/div><\/p>\n","protected":false},"excerpt":{"rendered":"","protected":false},"author":4,"featured_media":5365,"comment_status":"open","ping_status":"open","sticky":false,"template":"","format":"standard","meta":{"inline_featured_image":false,"footnotes":""},"categories":[51],"tags":[],"class_list":["post-5363","post","type-post","status-publish","format-standard","has-post-thumbnail","hentry","category-uncategorized"],"yoast_head":"<!-- This site is optimized with the Yoast SEO Premium plugin v20.13 (Yoast SEO v27.5) - https:\/\/yoast.com\/product\/yoast-seo-premium-wordpress\/ -->\n<title>Calabria - look twice - think different - travel new! - Urlaub an der Stiefelspitze<\/title>\n<meta name=\"robots\" content=\"index, follow, max-snippet:-1, max-image-preview:large, max-video-preview:-1\" \/>\n<link rel=\"canonical\" href=\"https:\/\/urlaub-an-der-stiefelspitze.com\/en\/2022\/01\/20\/handgemachte-reisen\/\" \/>\n<meta property=\"og:locale\" content=\"en_US\" \/>\n<meta property=\"og:type\" content=\"article\" \/>\n<meta property=\"og:title\" content=\"Calabria - look twice - think different - travel new!\" \/>\n<meta property=\"og:url\" content=\"https:\/\/urlaub-an-der-stiefelspitze.com\/en\/2022\/01\/20\/handgemachte-reisen\/\" \/>\n<meta property=\"og:site_name\" content=\"Urlaub an der Stiefelspitze\" \/>\n<meta property=\"article:publisher\" content=\"https:\/\/www.facebook.com\/urlaubinkalabrien\" \/>\n<meta property=\"article:published_time\" content=\"2022-01-20T14:02:23+00:00\" \/>\n<meta property=\"article:modified_time\" content=\"2022-03-18T16:22:32+00:00\" \/>\n<meta property=\"og:image\" content=\"https:\/\/urlaub-an-der-stiefelspitze.com\/wp-content\/uploads\/2020\/06\/RyyD6r7-2.jpg\" \/>\n\t<meta property=\"og:image:width\" content=\"1440\" \/>\n\t<meta property=\"og:image:height\" content=\"956\" \/>\n\t<meta property=\"og:image:type\" content=\"image\/jpeg\" \/>\n<meta name=\"author\" content=\"circazwei\" \/>\n<meta name=\"twitter:card\" content=\"summary_large_image\" \/>\n<meta name=\"twitter:label1\" content=\"Written by\" \/>\n\t<meta name=\"twitter:data1\" content=\"circazwei\" \/>\n\t<meta name=\"twitter:label2\" content=\"Est. reading time\" \/>\n\t<meta name=\"twitter:data2\" content=\"31 minutes\" \/>\n<script type=\"application\/ld+json\" class=\"yoast-schema-graph\">{\"@context\":\"https:\\\/\\\/schema.org\",\"@graph\":[{\"@type\":\"Article\",\"@id\":\"https:\\\/\\\/urlaub-an-der-stiefelspitze.com\\\/en\\\/2022\\\/01\\\/20\\\/handgemachte-reisen\\\/#article\",\"isPartOf\":{\"@id\":\"https:\\\/\\\/urlaub-an-der-stiefelspitze.com\\\/en\\\/2022\\\/01\\\/20\\\/handgemachte-reisen\\\/\"},\"author\":{\"name\":\"circazwei\",\"@id\":\"https:\\\/\\\/urlaub-an-der-stiefelspitze.com\\\/#\\\/schema\\\/person\\\/aae2e2837b47f2a42253781a83e42b77\"},\"headline\":\"Calabria &#8211; look twice &#8211; think different &#8211; travel new!\",\"datePublished\":\"2022-01-20T14:02:23+00:00\",\"dateModified\":\"2022-03-18T16:22:32+00:00\",\"mainEntityOfPage\":{\"@id\":\"https:\\\/\\\/urlaub-an-der-stiefelspitze.com\\\/en\\\/2022\\\/01\\\/20\\\/handgemachte-reisen\\\/\"},\"wordCount\":14674,\"commentCount\":0,\"publisher\":{\"@id\":\"https:\\\/\\\/urlaub-an-der-stiefelspitze.com\\\/#organization\"},\"image\":{\"@id\":\"https:\\\/\\\/urlaub-an-der-stiefelspitze.com\\\/en\\\/2022\\\/01\\\/20\\\/handgemachte-reisen\\\/#primaryimage\"},\"thumbnailUrl\":\"https:\\\/\\\/urlaub-an-der-stiefelspitze.com\\\/wp-content\\\/uploads\\\/2020\\\/06\\\/RyyD6r7-2.jpg\",\"inLanguage\":\"en-US\",\"potentialAction\":[{\"@type\":\"CommentAction\",\"name\":\"Comment\",\"target\":[\"https:\\\/\\\/urlaub-an-der-stiefelspitze.com\\\/en\\\/2022\\\/01\\\/20\\\/handgemachte-reisen\\\/#respond\"]}]},{\"@type\":\"WebPage\",\"@id\":\"https:\\\/\\\/urlaub-an-der-stiefelspitze.com\\\/en\\\/2022\\\/01\\\/20\\\/handgemachte-reisen\\\/\",\"url\":\"https:\\\/\\\/urlaub-an-der-stiefelspitze.com\\\/en\\\/2022\\\/01\\\/20\\\/handgemachte-reisen\\\/\",\"name\":\"Calabria - look twice - think different - travel new! - Urlaub an der Stiefelspitze\",\"isPartOf\":{\"@id\":\"https:\\\/\\\/urlaub-an-der-stiefelspitze.com\\\/#website\"},\"primaryImageOfPage\":{\"@id\":\"https:\\\/\\\/urlaub-an-der-stiefelspitze.com\\\/en\\\/2022\\\/01\\\/20\\\/handgemachte-reisen\\\/#primaryimage\"},\"image\":{\"@id\":\"https:\\\/\\\/urlaub-an-der-stiefelspitze.com\\\/en\\\/2022\\\/01\\\/20\\\/handgemachte-reisen\\\/#primaryimage\"},\"thumbnailUrl\":\"https:\\\/\\\/urlaub-an-der-stiefelspitze.com\\\/wp-content\\\/uploads\\\/2020\\\/06\\\/RyyD6r7-2.jpg\",\"datePublished\":\"2022-01-20T14:02:23+00:00\",\"dateModified\":\"2022-03-18T16:22:32+00:00\",\"breadcrumb\":{\"@id\":\"https:\\\/\\\/urlaub-an-der-stiefelspitze.com\\\/en\\\/2022\\\/01\\\/20\\\/handgemachte-reisen\\\/#breadcrumb\"},\"inLanguage\":\"en-US\",\"potentialAction\":[{\"@type\":\"ReadAction\",\"target\":[\"https:\\\/\\\/urlaub-an-der-stiefelspitze.com\\\/en\\\/2022\\\/01\\\/20\\\/handgemachte-reisen\\\/\"]}]},{\"@type\":\"ImageObject\",\"inLanguage\":\"en-US\",\"@id\":\"https:\\\/\\\/urlaub-an-der-stiefelspitze.com\\\/en\\\/2022\\\/01\\\/20\\\/handgemachte-reisen\\\/#primaryimage\",\"url\":\"https:\\\/\\\/urlaub-an-der-stiefelspitze.com\\\/wp-content\\\/uploads\\\/2020\\\/06\\\/RyyD6r7-2.jpg\",\"contentUrl\":\"https:\\\/\\\/urlaub-an-der-stiefelspitze.com\\\/wp-content\\\/uploads\\\/2020\\\/06\\\/RyyD6r7-2.jpg\",\"width\":1440,\"height\":956},{\"@type\":\"BreadcrumbList\",\"@id\":\"https:\\\/\\\/urlaub-an-der-stiefelspitze.com\\\/en\\\/2022\\\/01\\\/20\\\/handgemachte-reisen\\\/#breadcrumb\",\"itemListElement\":[{\"@type\":\"ListItem\",\"position\":1,\"name\":\"Home\",\"item\":\"https:\\\/\\\/urlaub-an-der-stiefelspitze.com\\\/en\\\/\"},{\"@type\":\"ListItem\",\"position\":2,\"name\":\"Calabria &#8211; look twice &#8211; think different &#8211; travel new!\"}]},{\"@type\":\"WebSite\",\"@id\":\"https:\\\/\\\/urlaub-an-der-stiefelspitze.com\\\/#website\",\"url\":\"https:\\\/\\\/urlaub-an-der-stiefelspitze.com\\\/\",\"name\":\"Urlaub an der Stiefelspitze\",\"description\":\"Ferienunterk\u00fcnfte und Reisen in Kalabrien\",\"publisher\":{\"@id\":\"https:\\\/\\\/urlaub-an-der-stiefelspitze.com\\\/#organization\"},\"potentialAction\":[{\"@type\":\"SearchAction\",\"target\":{\"@type\":\"EntryPoint\",\"urlTemplate\":\"https:\\\/\\\/urlaub-an-der-stiefelspitze.com\\\/?s={search_term_string}\"},\"query-input\":{\"@type\":\"PropertyValueSpecification\",\"valueRequired\":true,\"valueName\":\"search_term_string\"}}],\"inLanguage\":\"en-US\"},{\"@type\":\"Organization\",\"@id\":\"https:\\\/\\\/urlaub-an-der-stiefelspitze.com\\\/#organization\",\"name\":\"Urlaub an der Stiefelspitze\",\"url\":\"https:\\\/\\\/urlaub-an-der-stiefelspitze.com\\\/\",\"logo\":{\"@type\":\"ImageObject\",\"inLanguage\":\"en-US\",\"@id\":\"https:\\\/\\\/urlaub-an-der-stiefelspitze.com\\\/#\\\/schema\\\/logo\\\/image\\\/\",\"url\":\"https:\\\/\\\/urlaub-an-der-stiefelspitze.com\\\/wp-content\\\/uploads\\\/2021\\\/12\\\/logo-1.png\",\"contentUrl\":\"https:\\\/\\\/urlaub-an-der-stiefelspitze.com\\\/wp-content\\\/uploads\\\/2021\\\/12\\\/logo-1.png\",\"width\":159,\"height\":161,\"caption\":\"Urlaub an der Stiefelspitze\"},\"image\":{\"@id\":\"https:\\\/\\\/urlaub-an-der-stiefelspitze.com\\\/#\\\/schema\\\/logo\\\/image\\\/\"},\"sameAs\":[\"https:\\\/\\\/www.facebook.com\\\/urlaubinkalabrien\",\"https:\\\/\\\/www.instagram.com\\\/urlaub_an_der_stiefelspitze\\\/\"]},{\"@type\":\"Person\",\"@id\":\"https:\\\/\\\/urlaub-an-der-stiefelspitze.com\\\/#\\\/schema\\\/person\\\/aae2e2837b47f2a42253781a83e42b77\",\"name\":\"circazwei\",\"image\":{\"@type\":\"ImageObject\",\"inLanguage\":\"en-US\",\"@id\":\"https:\\\/\\\/secure.gravatar.com\\\/avatar\\\/0e006002e958eb5e09948dd3ec5b746d021730893f349fe3d961fed210187540?s=96&d=mm&r=g\",\"url\":\"https:\\\/\\\/secure.gravatar.com\\\/avatar\\\/0e006002e958eb5e09948dd3ec5b746d021730893f349fe3d961fed210187540?s=96&d=mm&r=g\",\"contentUrl\":\"https:\\\/\\\/secure.gravatar.com\\\/avatar\\\/0e006002e958eb5e09948dd3ec5b746d021730893f349fe3d961fed210187540?s=96&d=mm&r=g\",\"caption\":\"circazwei\"}}]}<\/script>\n<!-- \/ Yoast SEO Premium plugin. -->","yoast_head_json":{"title":"Calabria - look twice - think different - travel new! - Urlaub an der Stiefelspitze","robots":{"index":"index","follow":"follow","max-snippet":"max-snippet:-1","max-image-preview":"max-image-preview:large","max-video-preview":"max-video-preview:-1"},"canonical":"https:\/\/urlaub-an-der-stiefelspitze.com\/en\/2022\/01\/20\/handgemachte-reisen\/","og_locale":"en_US","og_type":"article","og_title":"Calabria - look twice - think different - travel new!","og_url":"https:\/\/urlaub-an-der-stiefelspitze.com\/en\/2022\/01\/20\/handgemachte-reisen\/","og_site_name":"Urlaub an der Stiefelspitze","article_publisher":"https:\/\/www.facebook.com\/urlaubinkalabrien","article_published_time":"2022-01-20T14:02:23+00:00","article_modified_time":"2022-03-18T16:22:32+00:00","og_image":[{"width":1440,"height":956,"url":"https:\/\/urlaub-an-der-stiefelspitze.com\/wp-content\/uploads\/2020\/06\/RyyD6r7-2.jpg","type":"image\/jpeg"}],"author":"circazwei","twitter_card":"summary_large_image","twitter_misc":{"Written by":"circazwei","Est. reading time":"31 minutes"},"schema":{"@context":"https:\/\/schema.org","@graph":[{"@type":"Article","@id":"https:\/\/urlaub-an-der-stiefelspitze.com\/en\/2022\/01\/20\/handgemachte-reisen\/#article","isPartOf":{"@id":"https:\/\/urlaub-an-der-stiefelspitze.com\/en\/2022\/01\/20\/handgemachte-reisen\/"},"author":{"name":"circazwei","@id":"https:\/\/urlaub-an-der-stiefelspitze.com\/#\/schema\/person\/aae2e2837b47f2a42253781a83e42b77"},"headline":"Calabria &#8211; look twice &#8211; think different &#8211; travel new!","datePublished":"2022-01-20T14:02:23+00:00","dateModified":"2022-03-18T16:22:32+00:00","mainEntityOfPage":{"@id":"https:\/\/urlaub-an-der-stiefelspitze.com\/en\/2022\/01\/20\/handgemachte-reisen\/"},"wordCount":14674,"commentCount":0,"publisher":{"@id":"https:\/\/urlaub-an-der-stiefelspitze.com\/#organization"},"image":{"@id":"https:\/\/urlaub-an-der-stiefelspitze.com\/en\/2022\/01\/20\/handgemachte-reisen\/#primaryimage"},"thumbnailUrl":"https:\/\/urlaub-an-der-stiefelspitze.com\/wp-content\/uploads\/2020\/06\/RyyD6r7-2.jpg","inLanguage":"en-US","potentialAction":[{"@type":"CommentAction","name":"Comment","target":["https:\/\/urlaub-an-der-stiefelspitze.com\/en\/2022\/01\/20\/handgemachte-reisen\/#respond"]}]},{"@type":"WebPage","@id":"https:\/\/urlaub-an-der-stiefelspitze.com\/en\/2022\/01\/20\/handgemachte-reisen\/","url":"https:\/\/urlaub-an-der-stiefelspitze.com\/en\/2022\/01\/20\/handgemachte-reisen\/","name":"Calabria - look twice - think different - travel new! - Urlaub an der Stiefelspitze","isPartOf":{"@id":"https:\/\/urlaub-an-der-stiefelspitze.com\/#website"},"primaryImageOfPage":{"@id":"https:\/\/urlaub-an-der-stiefelspitze.com\/en\/2022\/01\/20\/handgemachte-reisen\/#primaryimage"},"image":{"@id":"https:\/\/urlaub-an-der-stiefelspitze.com\/en\/2022\/01\/20\/handgemachte-reisen\/#primaryimage"},"thumbnailUrl":"https:\/\/urlaub-an-der-stiefelspitze.com\/wp-content\/uploads\/2020\/06\/RyyD6r7-2.jpg","datePublished":"2022-01-20T14:02:23+00:00","dateModified":"2022-03-18T16:22:32+00:00","breadcrumb":{"@id":"https:\/\/urlaub-an-der-stiefelspitze.com\/en\/2022\/01\/20\/handgemachte-reisen\/#breadcrumb"},"inLanguage":"en-US","potentialAction":[{"@type":"ReadAction","target":["https:\/\/urlaub-an-der-stiefelspitze.com\/en\/2022\/01\/20\/handgemachte-reisen\/"]}]},{"@type":"ImageObject","inLanguage":"en-US","@id":"https:\/\/urlaub-an-der-stiefelspitze.com\/en\/2022\/01\/20\/handgemachte-reisen\/#primaryimage","url":"https:\/\/urlaub-an-der-stiefelspitze.com\/wp-content\/uploads\/2020\/06\/RyyD6r7-2.jpg","contentUrl":"https:\/\/urlaub-an-der-stiefelspitze.com\/wp-content\/uploads\/2020\/06\/RyyD6r7-2.jpg","width":1440,"height":956},{"@type":"BreadcrumbList","@id":"https:\/\/urlaub-an-der-stiefelspitze.com\/en\/2022\/01\/20\/handgemachte-reisen\/#breadcrumb","itemListElement":[{"@type":"ListItem","position":1,"name":"Home","item":"https:\/\/urlaub-an-der-stiefelspitze.com\/en\/"},{"@type":"ListItem","position":2,"name":"Calabria &#8211; look twice &#8211; think different &#8211; travel new!"}]},{"@type":"WebSite","@id":"https:\/\/urlaub-an-der-stiefelspitze.com\/#website","url":"https:\/\/urlaub-an-der-stiefelspitze.com\/","name":"Urlaub an der Stiefelspitze","description":"Ferienunterk\u00fcnfte und Reisen in Kalabrien","publisher":{"@id":"https:\/\/urlaub-an-der-stiefelspitze.com\/#organization"},"potentialAction":[{"@type":"SearchAction","target":{"@type":"EntryPoint","urlTemplate":"https:\/\/urlaub-an-der-stiefelspitze.com\/?s={search_term_string}"},"query-input":{"@type":"PropertyValueSpecification","valueRequired":true,"valueName":"search_term_string"}}],"inLanguage":"en-US"},{"@type":"Organization","@id":"https:\/\/urlaub-an-der-stiefelspitze.com\/#organization","name":"Urlaub an der Stiefelspitze","url":"https:\/\/urlaub-an-der-stiefelspitze.com\/","logo":{"@type":"ImageObject","inLanguage":"en-US","@id":"https:\/\/urlaub-an-der-stiefelspitze.com\/#\/schema\/logo\/image\/","url":"https:\/\/urlaub-an-der-stiefelspitze.com\/wp-content\/uploads\/2021\/12\/logo-1.png","contentUrl":"https:\/\/urlaub-an-der-stiefelspitze.com\/wp-content\/uploads\/2021\/12\/logo-1.png","width":159,"height":161,"caption":"Urlaub an der Stiefelspitze"},"image":{"@id":"https:\/\/urlaub-an-der-stiefelspitze.com\/#\/schema\/logo\/image\/"},"sameAs":["https:\/\/www.facebook.com\/urlaubinkalabrien","https:\/\/www.instagram.com\/urlaub_an_der_stiefelspitze\/"]},{"@type":"Person","@id":"https:\/\/urlaub-an-der-stiefelspitze.com\/#\/schema\/person\/aae2e2837b47f2a42253781a83e42b77","name":"circazwei","image":{"@type":"ImageObject","inLanguage":"en-US","@id":"https:\/\/secure.gravatar.com\/avatar\/0e006002e958eb5e09948dd3ec5b746d021730893f349fe3d961fed210187540?s=96&d=mm&r=g","url":"https:\/\/secure.gravatar.com\/avatar\/0e006002e958eb5e09948dd3ec5b746d021730893f349fe3d961fed210187540?s=96&d=mm&r=g","contentUrl":"https:\/\/secure.gravatar.com\/avatar\/0e006002e958eb5e09948dd3ec5b746d021730893f349fe3d961fed210187540?s=96&d=mm&r=g","caption":"circazwei"}}]}},"_links":{"self":[{"href":"https:\/\/urlaub-an-der-stiefelspitze.com\/en\/wp-json\/wp\/v2\/posts\/5363","targetHints":{"allow":["GET"]}}],"collection":[{"href":"https:\/\/urlaub-an-der-stiefelspitze.com\/en\/wp-json\/wp\/v2\/posts"}],"about":[{"href":"https:\/\/urlaub-an-der-stiefelspitze.com\/en\/wp-json\/wp\/v2\/types\/post"}],"author":[{"embeddable":true,"href":"https:\/\/urlaub-an-der-stiefelspitze.com\/en\/wp-json\/wp\/v2\/users\/4"}],"replies":[{"embeddable":true,"href":"https:\/\/urlaub-an-der-stiefelspitze.com\/en\/wp-json\/wp\/v2\/comments?post=5363"}],"version-history":[{"count":6,"href":"https:\/\/urlaub-an-der-stiefelspitze.com\/en\/wp-json\/wp\/v2\/posts\/5363\/revisions"}],"predecessor-version":[{"id":5839,"href":"https:\/\/urlaub-an-der-stiefelspitze.com\/en\/wp-json\/wp\/v2\/posts\/5363\/revisions\/5839"}],"wp:featuredmedia":[{"embeddable":true,"href":"https:\/\/urlaub-an-der-stiefelspitze.com\/en\/wp-json\/wp\/v2\/media\/5365"}],"wp:attachment":[{"href":"https:\/\/urlaub-an-der-stiefelspitze.com\/en\/wp-json\/wp\/v2\/media?parent=5363"}],"wp:term":[{"taxonomy":"category","embeddable":true,"href":"https:\/\/urlaub-an-der-stiefelspitze.com\/en\/wp-json\/wp\/v2\/categories?post=5363"},{"taxonomy":"post_tag","embeddable":true,"href":"https:\/\/urlaub-an-der-stiefelspitze.com\/en\/wp-json\/wp\/v2\/tags?post=5363"}],"curies":[{"name":"wp","href":"https:\/\/api.w.org\/{rel}","templated":true}]}}